{"id":1721,"date":"2022-08-09T15:45:20","date_gmt":"2022-08-09T15:45:20","guid":{"rendered":"http:\/\/colegiofemar.cl\/web\/?p=1721"},"modified":"2022-08-22T14:40:09","modified_gmt":"2022-08-22T14:40:09","slug":"comunicado-n39-informacion-sae","status":"publish","type":"post","link":"https:\/\/colegiofemar.cl\/web\/2022\/08\/09\/comunicado-n39-informacion-sae\/","title":{"rendered":"Comunicado N\u00b039 Informaci\u00f3n SAE"},"content":{"rendered":"\n<p>Estimados Padres y Apoderados:<br>Junto con enviarles un afectuoso saludo, deseamos entregar a ustedes informaci\u00f3n importante con respecto del Proceso de Admisi\u00f3n para el a\u00f1o 2023, a los distintos niveles de nuestro establecimiento. El Ministerio<br>de Educaci\u00f3n tiene implementado el Sistema de Admisi\u00f3n Escolar (SAE), a trav\u00e9s de una plataforma online que recibe la postulaci\u00f3n a los establecimientos educacionales de la Regi\u00f3n, a trav\u00e9s de la p\u00e1gina:<br>www.sistemadeadmisionescolar.cl<\/p>\n\n\n<a href=\"https:\/\/colegiofemar.cl\/web\/wp-content\/uploads\/2022\/08\/Comunicado-39-Inf.SAE-1.pdf\" class=\"pdfemb-viewer\" style=\"\" data-width=\"max\" data-height=\"max\"  data-toolbar=\"bottom\" data-toolbar-fixed=\"off\">Comunicado-39-Inf.SAE-1<br\/><\/a>\n<p class=\"wp-block-pdfemb-pdf-embedder-viewer\"><\/p>\n","protected":false},"excerpt":{"rendered":"<p>Estimados Padres y Apoderados:Junto con enviarles un afectuoso saludo, deseamos entregar a ustedes informaci\u00f3n importante con respecto del Proceso de Admisi\u00f3n para el a\u00f1o 2023, a los distintos niveles de nuestro establecimiento. El Ministeriode Educaci\u00f3n tiene implementado el Sistema de Admisi\u00f3n Escolar (SAE), a trav\u00e9s de una plataforma online que recibe la postulaci\u00f3n a los [&#8230;]\n","protected":false},"author":2,"featured_media":1723,"comment_status":"closed","ping_status":"closed","sticky":false,"template":"","format":"standard","meta":[],"categories":[1],"tags":[],"_links":{"self":[{"href":"https:\/\/colegiofemar.cl\/web\/wp-json\/wp\/v2\/posts\/1721"}],"collection":[{"href":"https:\/\/colegiofemar.cl\/web\/wp-json\/wp\/v2\/posts"}],"about":[{"href":"https:\/\/colegiofemar.cl\/web\/wp-json\/wp\/v2\/types\/post"}],"author":[{"embeddable":true,"href":"https:\/\/colegiofemar.cl\/web\/wp-json\/wp\/v2\/users\/2"}],"replies":[{"embeddable":true,"href":"https:\/\/colegiofemar.cl\/web\/wp-json\/wp\/v2\/comments?post=1721"}],"version-history":[{"count":1,"href":"https:\/\/colegiofemar.cl\/web\/wp-json\/wp\/v2\/posts\/1721\/revisions"}],"predecessor-version":[{"id":1724,"href":"https:\/\/colegiofemar.cl\/web\/wp-json\/wp\/v2\/posts\/1721\/revisions\/1724"}],"wp:featuredmedia":[{"embeddable":true,"href":"https:\/\/colegiofemar.cl\/web\/wp-json\/wp\/v2\/media\/1723"}],"wp:attachment":[{"href":"https:\/\/colegiofemar.cl\/web\/wp-json\/wp\/v2\/media?parent=1721"}],"wp:term":[{"taxonomy":"category","embeddable":true,"href":"https:\/\/colegiofemar.cl\/web\/wp-json\/wp\/v2\/categories?post=1721"},{"taxonomy":"post_tag","embeddable":true,"href":"https:\/\/colegiofemar.cl\/web\/wp-json\/wp\/v2\/tags?post=1721"}],"curies":[{"name":"wp","href":"https:\/\/api.w.org\/{rel}","templated":true}]}}