{"id":1886,"date":"2022-10-19T15:57:52","date_gmt":"2022-10-19T15:57:52","guid":{"rendered":"https:\/\/colegiofemar.cl\/web\/?p=1886"},"modified":"2022-10-19T15:57:52","modified_gmt":"2022-10-19T15:57:52","slug":"alumnas-de-listas-del-ceal-participan-en-jornada-de-liderazgo","status":"publish","type":"post","link":"https:\/\/colegiofemar.cl\/web\/2022\/10\/19\/alumnas-de-listas-del-ceal-participan-en-jornada-de-liderazgo\/","title":{"rendered":"Alumnas de Listas del CEAL participan en Jornada de Liderazgo"},"content":{"rendered":"\n<p>El Centro de Alumnas del colegio se encuentra en un proceso de postulaci\u00f3n y elecci\u00f3n de CEAL, y durante el mismo un grupo de estudiantes que pertenecen a ambas listas fueron invitadas a participar de una Jornada de Liderazgo organizada por la Pastoral del Colegio Don Bosco que se realiza durante el d\u00eda mi\u00e9rcoles 19 de octubre en las instalaciones de Fundaci\u00f3n Minera Escondida.<\/p>\n\n\n\n<p>Esta actividad ayuda a que nuestras estudiantes puedan seguir adquiriendo herramientas ante sus futuros y presentes liderazgos tanto en sus cursos como en toda la comunidad femarina.<\/p>\n\n\n\n<figure class=\"wp-block-gallery has-nested-images columns-default is-cropped wp-block-gallery-1 is-layout-flex\">\n<figure class=\"wp-block-image size-large\"><img decoding=\"async\" loading=\"lazy\" width=\"1024\" height=\"768\" data-id=\"1890\"  src=\"https:\/\/colegiofemar.cl\/web\/wp-content\/uploads\/2022\/10\/IMG_0494-copia-1024x768.jpg\" alt=\"\" class=\"wp-image-1890\" srcset=\"https:\/\/colegiofemar.cl\/web\/wp-content\/uploads\/2022\/10\/IMG_0494-copia-1024x768.jpg 1024w, https:\/\/colegiofemar.cl\/web\/wp-content\/uploads\/2022\/10\/IMG_0494-copia-300x225.jpg 300w, https:\/\/colegiofemar.cl\/web\/wp-content\/uploads\/2022\/10\/IMG_0494-copia-768x576.jpg 768w, https:\/\/colegiofemar.cl\/web\/wp-content\/uploads\/2022\/10\/IMG_0494-copia-1536x1152.jpg 1536w, https:\/\/colegiofemar.cl\/web\/wp-content\/uploads\/2022\/10\/IMG_0494-copia-2048x1536.jpg 2048w\" sizes=\"(max-width: 1024px) 100vw, 1024px\" \/><\/figure>\n\n\n\n<figure class=\"wp-block-image size-large\"><img decoding=\"async\" loading=\"lazy\" width=\"1024\" height=\"768\" data-id=\"1889\"  src=\"https:\/\/colegiofemar.cl\/web\/wp-content\/uploads\/2022\/10\/IMG_0495-copia-1024x768.jpg\" alt=\"\" class=\"wp-image-1889\" srcset=\"https:\/\/colegiofemar.cl\/web\/wp-content\/uploads\/2022\/10\/IMG_0495-copia-1024x768.jpg 1024w, https:\/\/colegiofemar.cl\/web\/wp-content\/uploads\/2022\/10\/IMG_0495-copia-300x225.jpg 300w, https:\/\/colegiofemar.cl\/web\/wp-content\/uploads\/2022\/10\/IMG_0495-copia-768x576.jpg 768w, https:\/\/colegiofemar.cl\/web\/wp-content\/uploads\/2022\/10\/IMG_0495-copia-1536x1152.jpg 1536w, https:\/\/colegiofemar.cl\/web\/wp-content\/uploads\/2022\/10\/IMG_0495-copia-2048x1536.jpg 2048w\" sizes=\"(max-width: 1024px) 100vw, 1024px\" \/><\/figure>\n<\/figure>\n","protected":false},"excerpt":{"rendered":"<p>El Centro de Alumnas del colegio se encuentra en un proceso de postulaci\u00f3n y elecci\u00f3n de CEAL, y durante el mismo un grupo de estudiantes que pertenecen a ambas listas fueron invitadas a participar de una Jornada de Liderazgo organizada por la Pastoral del Colegio Don Bosco que se realiza durante el d\u00eda mi\u00e9rcoles 19 [&#8230;]\n","protected":false},"author":3,"featured_media":1889,"comment_status":"open","ping_status":"open","sticky":false,"template":"","format":"standard","meta":[],"categories":[1],"tags":[],"_links":{"self":[{"href":"https:\/\/colegiofemar.cl\/web\/wp-json\/wp\/v2\/posts\/1886"}],"collection":[{"href":"https:\/\/colegiofemar.cl\/web\/wp-json\/wp\/v2\/posts"}],"about":[{"href":"https:\/\/colegiofemar.cl\/web\/wp-json\/wp\/v2\/types\/post"}],"author":[{"embeddable":true,"href":"https:\/\/colegiofemar.cl\/web\/wp-json\/wp\/v2\/users\/3"}],"replies":[{"embeddable":true,"href":"https:\/\/colegiofemar.cl\/web\/wp-json\/wp\/v2\/comments?post=1886"}],"version-history":[{"count":1,"href":"https:\/\/colegiofemar.cl\/web\/wp-json\/wp\/v2\/posts\/1886\/revisions"}],"predecessor-version":[{"id":1891,"href":"https:\/\/colegiofemar.cl\/web\/wp-json\/wp\/v2\/posts\/1886\/revisions\/1891"}],"wp:featuredmedia":[{"embeddable":true,"href":"https:\/\/colegiofemar.cl\/web\/wp-json\/wp\/v2\/media\/1889"}],"wp:attachment":[{"href":"https:\/\/colegiofemar.cl\/web\/wp-json\/wp\/v2\/media?parent=1886"}],"wp:term":[{"taxonomy":"category","embeddable":true,"href":"https:\/\/colegiofemar.cl\/web\/wp-json\/wp\/v2\/categories?post=1886"},{"taxonomy":"post_tag","embeddable":true,"href":"https:\/\/colegiofemar.cl\/web\/wp-json\/wp\/v2\/tags?post=1886"}],"curies":[{"name":"wp","href":"https:\/\/api.w.org\/{rel}","templated":true}]}}