{"id":2641,"date":"2023-05-18T20:40:27","date_gmt":"2023-05-18T20:40:27","guid":{"rendered":"https:\/\/colegiofemar.cl\/web\/?p=2641"},"modified":"2023-05-18T20:40:27","modified_gmt":"2023-05-18T20:40:27","slug":"exposicion-minera-escondida-testigos-recursos-para-hoy-y-el-futuro","status":"publish","type":"post","link":"https:\/\/colegiofemar.cl\/web\/2023\/05\/18\/exposicion-minera-escondida-testigos-recursos-para-hoy-y-el-futuro\/","title":{"rendered":"Exposici\u00f3n minera Escondida \u00bb Testigos recursos para hoy y el futuro"},"content":{"rendered":"\n<p>El d\u00eda de ayer las estudiantes de 3\u00b0 Medio en compa\u00f1\u00eda de los profesores Paulina Baeza y Jaun Carlos Leiva asistieron a la exposici\u00f3n en la sala de artes de minera Escondida titulada \u00abTestigos recursos para hoy y el futuro\u00bb, donde pudieron conocer la historia del epicentro mundial de la miner\u00eda, logrando conocer, identificar y relacionar los distintos procesos mineros para la obtenci\u00f3n de cobre de exportaci\u00f3n.<\/p>\n\n\n\n<figure class=\"wp-block-image size-full\"><img decoding=\"async\" loading=\"lazy\" width=\"1024\" height=\"768\" src=\"https:\/\/colegiofemar.cl\/web\/wp-content\/uploads\/2023\/05\/Foto-de-Alvaro-Rojas.jpg\" alt=\"\" class=\"wp-image-2642\" srcset=\"https:\/\/colegiofemar.cl\/web\/wp-content\/uploads\/2023\/05\/Foto-de-Alvaro-Rojas.jpg 1024w, https:\/\/colegiofemar.cl\/web\/wp-content\/uploads\/2023\/05\/Foto-de-Alvaro-Rojas-300x225.jpg 300w, https:\/\/colegiofemar.cl\/web\/wp-content\/uploads\/2023\/05\/Foto-de-Alvaro-Rojas-768x576.jpg 768w\" sizes=\"(max-width: 1024px) 100vw, 1024px\" \/><\/figure>\n\n\n\n<figure class=\"wp-block-image size-full\"><img decoding=\"async\" loading=\"lazy\" width=\"1024\" height=\"768\" src=\"https:\/\/colegiofemar.cl\/web\/wp-content\/uploads\/2023\/05\/Foto-de-Alvaro-Rojas1.jpg\" alt=\"\" class=\"wp-image-2643\" srcset=\"https:\/\/colegiofemar.cl\/web\/wp-content\/uploads\/2023\/05\/Foto-de-Alvaro-Rojas1.jpg 1024w, https:\/\/colegiofemar.cl\/web\/wp-content\/uploads\/2023\/05\/Foto-de-Alvaro-Rojas1-300x225.jpg 300w, https:\/\/colegiofemar.cl\/web\/wp-content\/uploads\/2023\/05\/Foto-de-Alvaro-Rojas1-768x576.jpg 768w\" sizes=\"(max-width: 1024px) 100vw, 1024px\" \/><\/figure>\n\n\n\n<figure class=\"wp-block-image size-full\"><img decoding=\"async\" loading=\"lazy\" width=\"1024\" height=\"768\" src=\"https:\/\/colegiofemar.cl\/web\/wp-content\/uploads\/2023\/05\/Foto-de-Alvaro-Rojas2.jpg\" alt=\"\" class=\"wp-image-2644\" srcset=\"https:\/\/colegiofemar.cl\/web\/wp-content\/uploads\/2023\/05\/Foto-de-Alvaro-Rojas2.jpg 1024w, https:\/\/colegiofemar.cl\/web\/wp-content\/uploads\/2023\/05\/Foto-de-Alvaro-Rojas2-300x225.jpg 300w, https:\/\/colegiofemar.cl\/web\/wp-content\/uploads\/2023\/05\/Foto-de-Alvaro-Rojas2-768x576.jpg 768w\" sizes=\"(max-width: 1024px) 100vw, 1024px\" \/><\/figure>\n\n\n\n<figure class=\"wp-block-image size-full\"><img decoding=\"async\" loading=\"lazy\" width=\"1024\" height=\"768\" src=\"https:\/\/colegiofemar.cl\/web\/wp-content\/uploads\/2023\/05\/Foto-de-Alvaro-Rojas3.jpg\" alt=\"\" class=\"wp-image-2645\" srcset=\"https:\/\/colegiofemar.cl\/web\/wp-content\/uploads\/2023\/05\/Foto-de-Alvaro-Rojas3.jpg 1024w, https:\/\/colegiofemar.cl\/web\/wp-content\/uploads\/2023\/05\/Foto-de-Alvaro-Rojas3-300x225.jpg 300w, https:\/\/colegiofemar.cl\/web\/wp-content\/uploads\/2023\/05\/Foto-de-Alvaro-Rojas3-768x576.jpg 768w\" sizes=\"(max-width: 1024px) 100vw, 1024px\" \/><\/figure>\n\n\n\n<figure class=\"wp-block-image size-full\"><img decoding=\"async\" loading=\"lazy\" width=\"1024\" height=\"768\" src=\"https:\/\/colegiofemar.cl\/web\/wp-content\/uploads\/2023\/05\/Foto-de-Alvaro-Rojas4.jpg\" alt=\"\" class=\"wp-image-2646\" srcset=\"https:\/\/colegiofemar.cl\/web\/wp-content\/uploads\/2023\/05\/Foto-de-Alvaro-Rojas4.jpg 1024w, https:\/\/colegiofemar.cl\/web\/wp-content\/uploads\/2023\/05\/Foto-de-Alvaro-Rojas4-300x225.jpg 300w, https:\/\/colegiofemar.cl\/web\/wp-content\/uploads\/2023\/05\/Foto-de-Alvaro-Rojas4-768x576.jpg 768w\" sizes=\"(max-width: 1024px) 100vw, 1024px\" \/><\/figure>\n\n\n\n<figure class=\"wp-block-image size-full\"><img decoding=\"async\" loading=\"lazy\" width=\"1024\" height=\"768\" src=\"https:\/\/colegiofemar.cl\/web\/wp-content\/uploads\/2023\/05\/Foto-de-Alvaro-Rojas5.jpg\" alt=\"\" class=\"wp-image-2647\" srcset=\"https:\/\/colegiofemar.cl\/web\/wp-content\/uploads\/2023\/05\/Foto-de-Alvaro-Rojas5.jpg 1024w, https:\/\/colegiofemar.cl\/web\/wp-content\/uploads\/2023\/05\/Foto-de-Alvaro-Rojas5-300x225.jpg 300w, https:\/\/colegiofemar.cl\/web\/wp-content\/uploads\/2023\/05\/Foto-de-Alvaro-Rojas5-768x576.jpg 768w\" sizes=\"(max-width: 1024px) 100vw, 1024px\" \/><\/figure>\n","protected":false},"excerpt":{"rendered":"<p>El d\u00eda de ayer las estudiantes de 3\u00b0 Medio en compa\u00f1\u00eda de los profesores Paulina Baeza y Jaun Carlos Leiva asistieron a la exposici\u00f3n en la sala de artes de minera Escondida titulada \u00abTestigos recursos para hoy y el futuro\u00bb, donde pudieron conocer la historia del epicentro mundial de la miner\u00eda, logrando conocer, identificar y [&#8230;]\n","protected":false},"author":2,"featured_media":2648,"comment_status":"closed","ping_status":"closed","sticky":false,"template":"","format":"standard","meta":[],"categories":[1],"tags":[],"_links":{"self":[{"href":"https:\/\/colegiofemar.cl\/web\/wp-json\/wp\/v2\/posts\/2641"}],"collection":[{"href":"https:\/\/colegiofemar.cl\/web\/wp-json\/wp\/v2\/posts"}],"about":[{"href":"https:\/\/colegiofemar.cl\/web\/wp-json\/wp\/v2\/types\/post"}],"author":[{"embeddable":true,"href":"https:\/\/colegiofemar.cl\/web\/wp-json\/wp\/v2\/users\/2"}],"replies":[{"embeddable":true,"href":"https:\/\/colegiofemar.cl\/web\/wp-json\/wp\/v2\/comments?post=2641"}],"version-history":[{"count":1,"href":"https:\/\/colegiofemar.cl\/web\/wp-json\/wp\/v2\/posts\/2641\/revisions"}],"predecessor-version":[{"id":2649,"href":"https:\/\/colegiofemar.cl\/web\/wp-json\/wp\/v2\/posts\/2641\/revisions\/2649"}],"wp:featuredmedia":[{"embeddable":true,"href":"https:\/\/colegiofemar.cl\/web\/wp-json\/wp\/v2\/media\/2648"}],"wp:attachment":[{"href":"https:\/\/colegiofemar.cl\/web\/wp-json\/wp\/v2\/media?parent=2641"}],"wp:term":[{"taxonomy":"category","embeddable":true,"href":"https:\/\/colegiofemar.cl\/web\/wp-json\/wp\/v2\/categories?post=2641"},{"taxonomy":"post_tag","embeddable":true,"href":"https:\/\/colegiofemar.cl\/web\/wp-json\/wp\/v2\/tags?post=2641"}],"curies":[{"name":"wp","href":"https:\/\/api.w.org\/{rel}","templated":true}]}}