{"id":2786,"date":"2023-08-18T12:28:35","date_gmt":"2023-08-18T12:28:35","guid":{"rendered":"https:\/\/colegiofemar.cl\/web\/?p=2786"},"modified":"2023-08-18T12:28:35","modified_gmt":"2023-08-18T12:28:35","slug":"inauguracion-cra-femar","status":"publish","type":"post","link":"https:\/\/colegiofemar.cl\/web\/2023\/08\/18\/inauguracion-cra-femar\/","title":{"rendered":"\u00a0 \u00a0 \u00a0 \u00a0 \u00a0 \u00a0 \u00a0 \u00a0 \u00a0 \u00a0 \u00a0 \u00a0 \u00a0 \u00a0 \u00a0INAUGURACI\u00d3N CRA FEMAR"},"content":{"rendered":"\n<p>El dia 08 de agosto 2023 , con la bendici\u00f3n de Monse\u00f1or Ignacio Ducasse Medina y en compa\u00f1\u00eda de la Comunidad Educativa Femarina fue inaugurada la remodelaci\u00f3n de la BIBLIOTECA CRA de nuestro colegio,viendo\u00a0concretizado un gran sue\u00f1o, otorgar a\u00a0nuestras estudiantes\u00a0un espacio enriquecedor donde crecer, aprender y desarrollarse plenamente y hoy contamos con un CRA remodelado que ofrece oportunidades \u00fanicas, colorido, lleno de sorpresas, atractivo, en resumen, un lugar donde la creatividad florece, las habilidades lectoras se fortalecen y se aprende de manera significativa.<\/p>\n\n\n\n<p>Como Colegio estamos muy contentos de contar con un espacio&nbsp;creado y pensado para dar respuesta a los distintos estilos de aprendizajes, evolucionando a las habituales bibliotecas escolares, a trav\u00e9s de un espacio creativo de encuentro para la comunidad escolar, el cual busca fomentar el inter\u00e9s por la lectura y el conocimiento, generando instancias activas para el aprendizaje y diversificando las \u00e1reas con tecnolog\u00eda. Esta sala involucra espacios con mobiliario acorde y ajustado para: la investigaci\u00f3n, el trabajo colaborativo, desarrollo de clases en modo interactivo, y lectura sectorizada para los distintos ciclos de ense\u00f1anza.<\/p>\n\n\n\n<figure class=\"wp-block-image size-large\"><img decoding=\"async\" loading=\"lazy\" width=\"1024\" height=\"768\" src=\"https:\/\/colegiofemar.cl\/web\/wp-content\/uploads\/2023\/08\/PHOTO-2023-08-08-17-10-00-1024x768.jpg\" alt=\"\" class=\"wp-image-2787\" srcset=\"https:\/\/colegiofemar.cl\/web\/wp-content\/uploads\/2023\/08\/PHOTO-2023-08-08-17-10-00-1024x768.jpg 1024w, https:\/\/colegiofemar.cl\/web\/wp-content\/uploads\/2023\/08\/PHOTO-2023-08-08-17-10-00-300x225.jpg 300w, https:\/\/colegiofemar.cl\/web\/wp-content\/uploads\/2023\/08\/PHOTO-2023-08-08-17-10-00-768x576.jpg 768w, https:\/\/colegiofemar.cl\/web\/wp-content\/uploads\/2023\/08\/PHOTO-2023-08-08-17-10-00.jpg 1280w\" sizes=\"(max-width: 1024px) 100vw, 1024px\" \/><\/figure>\n\n\n\n<figure class=\"wp-block-image size-full\"><img decoding=\"async\" loading=\"lazy\" width=\"768\" height=\"1024\" src=\"https:\/\/colegiofemar.cl\/web\/wp-content\/uploads\/2023\/08\/PHOTO-2023-08-08-19-50-00-2.jpg\" alt=\"\" class=\"wp-image-2788\" srcset=\"https:\/\/colegiofemar.cl\/web\/wp-content\/uploads\/2023\/08\/PHOTO-2023-08-08-19-50-00-2.jpg 768w, https:\/\/colegiofemar.cl\/web\/wp-content\/uploads\/2023\/08\/PHOTO-2023-08-08-19-50-00-2-225x300.jpg 225w\" sizes=\"(max-width: 768px) 100vw, 768px\" \/><\/figure>\n\n\n\n<figure class=\"wp-block-image size-full\"><img decoding=\"async\" loading=\"lazy\" width=\"768\" height=\"1024\" src=\"https:\/\/colegiofemar.cl\/web\/wp-content\/uploads\/2023\/08\/PHOTO-2023-08-08-19-50-00-9.jpg\" alt=\"\" class=\"wp-image-2789\" srcset=\"https:\/\/colegiofemar.cl\/web\/wp-content\/uploads\/2023\/08\/PHOTO-2023-08-08-19-50-00-9.jpg 768w, https:\/\/colegiofemar.cl\/web\/wp-content\/uploads\/2023\/08\/PHOTO-2023-08-08-19-50-00-9-225x300.jpg 225w\" sizes=\"(max-width: 768px) 100vw, 768px\" \/><\/figure>\n\n\n\n<figure class=\"wp-block-image size-full\"><img decoding=\"async\" loading=\"lazy\" width=\"768\" height=\"1024\" src=\"https:\/\/colegiofemar.cl\/web\/wp-content\/uploads\/2023\/08\/PHOTO-2023-08-08-19-50-00-7.jpg\" alt=\"\" class=\"wp-image-2790\" srcset=\"https:\/\/colegiofemar.cl\/web\/wp-content\/uploads\/2023\/08\/PHOTO-2023-08-08-19-50-00-7.jpg 768w, https:\/\/colegiofemar.cl\/web\/wp-content\/uploads\/2023\/08\/PHOTO-2023-08-08-19-50-00-7-225x300.jpg 225w\" sizes=\"(max-width: 768px) 100vw, 768px\" \/><\/figure>\n\n\n\n<figure class=\"wp-block-image size-full\"><img decoding=\"async\" loading=\"lazy\" width=\"768\" height=\"1024\" src=\"https:\/\/colegiofemar.cl\/web\/wp-content\/uploads\/2023\/08\/PHOTO-2023-08-08-19-50-00-7-1.jpg\" alt=\"\" class=\"wp-image-2791\" srcset=\"https:\/\/colegiofemar.cl\/web\/wp-content\/uploads\/2023\/08\/PHOTO-2023-08-08-19-50-00-7-1.jpg 768w, https:\/\/colegiofemar.cl\/web\/wp-content\/uploads\/2023\/08\/PHOTO-2023-08-08-19-50-00-7-1-225x300.jpg 225w\" sizes=\"(max-width: 768px) 100vw, 768px\" \/><\/figure>\n\n\n\n<figure class=\"wp-block-image size-full\"><img decoding=\"async\" loading=\"lazy\" width=\"768\" height=\"1024\" src=\"https:\/\/colegiofemar.cl\/web\/wp-content\/uploads\/2023\/08\/PHOTO-2023-08-08-19-50-00-12.jpg\" alt=\"\" class=\"wp-image-2792\" srcset=\"https:\/\/colegiofemar.cl\/web\/wp-content\/uploads\/2023\/08\/PHOTO-2023-08-08-19-50-00-12.jpg 768w, https:\/\/colegiofemar.cl\/web\/wp-content\/uploads\/2023\/08\/PHOTO-2023-08-08-19-50-00-12-225x300.jpg 225w\" sizes=\"(max-width: 768px) 100vw, 768px\" \/><\/figure>\n\n\n\n<figure class=\"wp-block-image size-large\"><img decoding=\"async\" loading=\"lazy\" width=\"1024\" height=\"768\" src=\"https:\/\/colegiofemar.cl\/web\/wp-content\/uploads\/2023\/08\/IMG_6400-1024x768.jpg\" alt=\"\" class=\"wp-image-2794\" srcset=\"https:\/\/colegiofemar.cl\/web\/wp-content\/uploads\/2023\/08\/IMG_6400-1024x768.jpg 1024w, https:\/\/colegiofemar.cl\/web\/wp-content\/uploads\/2023\/08\/IMG_6400-300x225.jpg 300w, https:\/\/colegiofemar.cl\/web\/wp-content\/uploads\/2023\/08\/IMG_6400-768x576.jpg 768w, https:\/\/colegiofemar.cl\/web\/wp-content\/uploads\/2023\/08\/IMG_6400-1536x1152.jpg 1536w, https:\/\/colegiofemar.cl\/web\/wp-content\/uploads\/2023\/08\/IMG_6400-2048x1536.jpg 2048w\" sizes=\"(max-width: 1024px) 100vw, 1024px\" \/><\/figure>\n\n\n\n<figure class=\"wp-block-image size-full\"><img decoding=\"async\" loading=\"lazy\" width=\"1024\" height=\"768\" src=\"https:\/\/colegiofemar.cl\/web\/wp-content\/uploads\/2023\/08\/PHOTO-2023-08-08-18-49-17-4.jpg\" alt=\"\" class=\"wp-image-2793\" srcset=\"https:\/\/colegiofemar.cl\/web\/wp-content\/uploads\/2023\/08\/PHOTO-2023-08-08-18-49-17-4.jpg 1024w, https:\/\/colegiofemar.cl\/web\/wp-content\/uploads\/2023\/08\/PHOTO-2023-08-08-18-49-17-4-300x225.jpg 300w, https:\/\/colegiofemar.cl\/web\/wp-content\/uploads\/2023\/08\/PHOTO-2023-08-08-18-49-17-4-768x576.jpg 768w\" sizes=\"(max-width: 1024px) 100vw, 1024px\" \/><\/figure>\n\n\n\n<figure class=\"wp-block-image size-large\"><img decoding=\"async\" loading=\"lazy\" width=\"1024\" height=\"768\" src=\"https:\/\/colegiofemar.cl\/web\/wp-content\/uploads\/2023\/08\/PHOTO-2023-08-08-17-09-58-1024x768.jpg\" alt=\"\" class=\"wp-image-2795\" srcset=\"https:\/\/colegiofemar.cl\/web\/wp-content\/uploads\/2023\/08\/PHOTO-2023-08-08-17-09-58-1024x768.jpg 1024w, https:\/\/colegiofemar.cl\/web\/wp-content\/uploads\/2023\/08\/PHOTO-2023-08-08-17-09-58-300x225.jpg 300w, https:\/\/colegiofemar.cl\/web\/wp-content\/uploads\/2023\/08\/PHOTO-2023-08-08-17-09-58-768x576.jpg 768w, https:\/\/colegiofemar.cl\/web\/wp-content\/uploads\/2023\/08\/PHOTO-2023-08-08-17-09-58.jpg 1280w\" sizes=\"(max-width: 1024px) 100vw, 1024px\" \/><\/figure>\n\n\n\n<figure class=\"wp-block-image size-large\"><img decoding=\"async\" loading=\"lazy\" width=\"768\" height=\"1024\" src=\"https:\/\/colegiofemar.cl\/web\/wp-content\/uploads\/2023\/08\/IMG_6409-768x1024.jpg\" alt=\"\" class=\"wp-image-2796\" srcset=\"https:\/\/colegiofemar.cl\/web\/wp-content\/uploads\/2023\/08\/IMG_6409-768x1024.jpg 768w, https:\/\/colegiofemar.cl\/web\/wp-content\/uploads\/2023\/08\/IMG_6409-225x300.jpg 225w, https:\/\/colegiofemar.cl\/web\/wp-content\/uploads\/2023\/08\/IMG_6409-1152x1536.jpg 1152w, https:\/\/colegiofemar.cl\/web\/wp-content\/uploads\/2023\/08\/IMG_6409-1536x2048.jpg 1536w\" sizes=\"(max-width: 768px) 100vw, 768px\" \/><\/figure>\n\n\n\n<figure class=\"wp-block-image size-large\"><img decoding=\"async\" loading=\"lazy\" width=\"768\" height=\"1024\" src=\"https:\/\/colegiofemar.cl\/web\/wp-content\/uploads\/2023\/08\/IMG_6408-768x1024.jpg\" alt=\"\" class=\"wp-image-2797\" srcset=\"https:\/\/colegiofemar.cl\/web\/wp-content\/uploads\/2023\/08\/IMG_6408-768x1024.jpg 768w, https:\/\/colegiofemar.cl\/web\/wp-content\/uploads\/2023\/08\/IMG_6408-225x300.jpg 225w, https:\/\/colegiofemar.cl\/web\/wp-content\/uploads\/2023\/08\/IMG_6408-1152x1536.jpg 1152w, https:\/\/colegiofemar.cl\/web\/wp-content\/uploads\/2023\/08\/IMG_6408-1536x2048.jpg 1536w\" sizes=\"(max-width: 768px) 100vw, 768px\" \/><\/figure>\n\n\n\n<figure class=\"wp-block-image size-large\"><img decoding=\"async\" loading=\"lazy\" width=\"768\" height=\"1024\" src=\"https:\/\/colegiofemar.cl\/web\/wp-content\/uploads\/2023\/08\/IMG_6405-768x1024.jpg\" alt=\"\" class=\"wp-image-2798\" srcset=\"https:\/\/colegiofemar.cl\/web\/wp-content\/uploads\/2023\/08\/IMG_6405-768x1024.jpg 768w, https:\/\/colegiofemar.cl\/web\/wp-content\/uploads\/2023\/08\/IMG_6405-225x300.jpg 225w, https:\/\/colegiofemar.cl\/web\/wp-content\/uploads\/2023\/08\/IMG_6405-1152x1536.jpg 1152w, https:\/\/colegiofemar.cl\/web\/wp-content\/uploads\/2023\/08\/IMG_6405-1536x2048.jpg 1536w\" sizes=\"(max-width: 768px) 100vw, 768px\" \/><\/figure>\n\n\n\n<figure class=\"wp-block-image size-full\"><img decoding=\"async\" loading=\"lazy\" width=\"1024\" height=\"768\" src=\"https:\/\/colegiofemar.cl\/web\/wp-content\/uploads\/2023\/08\/PHOTO-2023-08-08-19-50-00-14.jpg\" alt=\"\" class=\"wp-image-2799\" srcset=\"https:\/\/colegiofemar.cl\/web\/wp-content\/uploads\/2023\/08\/PHOTO-2023-08-08-19-50-00-14.jpg 1024w, https:\/\/colegiofemar.cl\/web\/wp-content\/uploads\/2023\/08\/PHOTO-2023-08-08-19-50-00-14-300x225.jpg 300w, https:\/\/colegiofemar.cl\/web\/wp-content\/uploads\/2023\/08\/PHOTO-2023-08-08-19-50-00-14-768x576.jpg 768w\" sizes=\"(max-width: 1024px) 100vw, 1024px\" \/><\/figure>\n\n\n\n<figure class=\"wp-block-embed is-type-video is-provider-youtube wp-block-embed-youtube wp-embed-aspect-16-9 wp-has-aspect-ratio\"><div class=\"wp-block-embed__wrapper\">\n<iframe loading=\"lazy\" title=\"Inauguracion Biblioteca CRA FEMAR 2023\" width=\"1020\" height=\"574\" src=\"https:\/\/www.youtube.com\/embed\/wpyn4E79hps?feature=oembed\" frameborder=\"0\" allow=\"accelerometer; autoplay; clipboard-write; encrypted-media; gyroscope; picture-in-picture; web-share\" allowfullscreen><\/iframe>\n<\/div><\/figure>\n","protected":false},"excerpt":{"rendered":"<p>El dia 08 de agosto 2023 , con la bendici\u00f3n de Monse\u00f1or Ignacio Ducasse Medina y en compa\u00f1\u00eda de la Comunidad Educativa Femarina fue inaugurada la remodelaci\u00f3n de la BIBLIOTECA CRA de nuestro colegio,viendo\u00a0concretizado un gran sue\u00f1o, otorgar a\u00a0nuestras estudiantes\u00a0un espacio enriquecedor donde crecer, aprender y desarrollarse plenamente y hoy contamos con un CRA remodelado [&#8230;]\n","protected":false},"author":2,"featured_media":2800,"comment_status":"open","ping_status":"open","sticky":false,"template":"","format":"standard","meta":[],"categories":[1],"tags":[],"_links":{"self":[{"href":"https:\/\/colegiofemar.cl\/web\/wp-json\/wp\/v2\/posts\/2786"}],"collection":[{"href":"https:\/\/colegiofemar.cl\/web\/wp-json\/wp\/v2\/posts"}],"about":[{"href":"https:\/\/colegiofemar.cl\/web\/wp-json\/wp\/v2\/types\/post"}],"author":[{"embeddable":true,"href":"https:\/\/colegiofemar.cl\/web\/wp-json\/wp\/v2\/users\/2"}],"replies":[{"embeddable":true,"href":"https:\/\/colegiofemar.cl\/web\/wp-json\/wp\/v2\/comments?post=2786"}],"version-history":[{"count":1,"href":"https:\/\/colegiofemar.cl\/web\/wp-json\/wp\/v2\/posts\/2786\/revisions"}],"predecessor-version":[{"id":2801,"href":"https:\/\/colegiofemar.cl\/web\/wp-json\/wp\/v2\/posts\/2786\/revisions\/2801"}],"wp:featuredmedia":[{"embeddable":true,"href":"https:\/\/colegiofemar.cl\/web\/wp-json\/wp\/v2\/media\/2800"}],"wp:attachment":[{"href":"https:\/\/colegiofemar.cl\/web\/wp-json\/wp\/v2\/media?parent=2786"}],"wp:term":[{"taxonomy":"category","embeddable":true,"href":"https:\/\/colegiofemar.cl\/web\/wp-json\/wp\/v2\/categories?post=2786"},{"taxonomy":"post_tag","embeddable":true,"href":"https:\/\/colegiofemar.cl\/web\/wp-json\/wp\/v2\/tags?post=2786"}],"curies":[{"name":"wp","href":"https:\/\/api.w.org\/{rel}","templated":true}]}}