{"id":2875,"date":"2023-12-14T18:57:26","date_gmt":"2023-12-14T18:57:26","guid":{"rendered":"https:\/\/colegiofemar.cl\/web\/?p=2875"},"modified":"2023-12-14T18:57:26","modified_gmt":"2023-12-14T18:57:26","slug":"elecciones-ceal-femar-2024","status":"publish","type":"post","link":"https:\/\/colegiofemar.cl\/web\/2023\/12\/14\/elecciones-ceal-femar-2024\/","title":{"rendered":"ELECCIONES CEAL FEMAR 2024"},"content":{"rendered":"\n<p>El lunes 11 de diciembre, vivimos una jornada muy importante para nosotros como establecimiento educacional, las estudiantes de 5\u00b0 b\u00e1sico a IV\u00b0 medio emitieron su voto para elegir a las representantes del CENTRO DE ESTUDIANTES FEMAR&nbsp;para el a\u00f1o 2024.<\/p>\n\n\n\n<p>Las lista ganadora fue la \u00abB\u00bb y sus integrantes son:<\/p>\n\n\n\n<p>Presidenta: Catalina Moya Villanueva, III\u00b0 a\u00f1o de ense\u00f1anza media.<br>Vicepresidenta: Paz Bustos Maturana, II\u00b0 a\u00f1o de ense\u00f1anza media.<\/p>\n\n\n\n<p>Secretaria de Actas: Sofia Urqueta Araya, II\u00b0 de ense\u00f1anza media.<\/p>\n\n\n\n<p>Secretaria de Finanzas: Gladys Herrera Vega,\u00a0 III\u00b0\u00a0 a\u00f1o de ense\u00f1anza media.<br>Delegada de Pastoral: Roc\u00edo Saavedra Flores,\u00a0 III\u00b0\u00a0\u00a0\u00a0a\u00f1o de ense\u00f1anza media.<br>Delegada de Artes, Cultura y Deportes: Maite Salazar Monroy, II\u00b0 a\u00f1o de ense\u00f1anza media.<br>Relaciones P\u00fablicas: Ignacia Olivares Aguilera, II\u00b0\u00a0 a\u00f1o de ense\u00f1anza media.<\/p>\n\n\n\n<p><\/p>\n","protected":false},"excerpt":{"rendered":"<p>El lunes 11 de diciembre, vivimos una jornada muy importante para nosotros como establecimiento educacional, las estudiantes de 5\u00b0 b\u00e1sico a IV\u00b0 medio emitieron su voto para elegir a las representantes del CENTRO DE ESTUDIANTES FEMAR&nbsp;para el a\u00f1o 2024. Las lista ganadora fue la \u00abB\u00bb y sus integrantes son: Presidenta: Catalina Moya Villanueva, III\u00b0 a\u00f1o [&#8230;]\n","protected":false},"author":2,"featured_media":2876,"comment_status":"closed","ping_status":"closed","sticky":false,"template":"","format":"standard","meta":[],"categories":[1],"tags":[],"_links":{"self":[{"href":"https:\/\/colegiofemar.cl\/web\/wp-json\/wp\/v2\/posts\/2875"}],"collection":[{"href":"https:\/\/colegiofemar.cl\/web\/wp-json\/wp\/v2\/posts"}],"about":[{"href":"https:\/\/colegiofemar.cl\/web\/wp-json\/wp\/v2\/types\/post"}],"author":[{"embeddable":true,"href":"https:\/\/colegiofemar.cl\/web\/wp-json\/wp\/v2\/users\/2"}],"replies":[{"embeddable":true,"href":"https:\/\/colegiofemar.cl\/web\/wp-json\/wp\/v2\/comments?post=2875"}],"version-history":[{"count":1,"href":"https:\/\/colegiofemar.cl\/web\/wp-json\/wp\/v2\/posts\/2875\/revisions"}],"predecessor-version":[{"id":2877,"href":"https:\/\/colegiofemar.cl\/web\/wp-json\/wp\/v2\/posts\/2875\/revisions\/2877"}],"wp:featuredmedia":[{"embeddable":true,"href":"https:\/\/colegiofemar.cl\/web\/wp-json\/wp\/v2\/media\/2876"}],"wp:attachment":[{"href":"https:\/\/colegiofemar.cl\/web\/wp-json\/wp\/v2\/media?parent=2875"}],"wp:term":[{"taxonomy":"category","embeddable":true,"href":"https:\/\/colegiofemar.cl\/web\/wp-json\/wp\/v2\/categories?post=2875"},{"taxonomy":"post_tag","embeddable":true,"href":"https:\/\/colegiofemar.cl\/web\/wp-json\/wp\/v2\/tags?post=2875"}],"curies":[{"name":"wp","href":"https:\/\/api.w.org\/{rel}","templated":true}]}}