{"id":4009,"date":"2025-10-02T12:12:01","date_gmt":"2025-10-02T12:12:01","guid":{"rendered":"https:\/\/colegiofemar.cl\/web\/?p=4009"},"modified":"2025-10-13T12:12:29","modified_gmt":"2025-10-13T12:12:29","slug":"cine-ciencia-y-talento-local-estudiantes-disfrutan-de-talentos-ocultos-junto-a-fundacion-ingeniosas","status":"publish","type":"post","link":"https:\/\/colegiofemar.cl\/web\/2025\/10\/02\/cine-ciencia-y-talento-local-estudiantes-disfrutan-de-talentos-ocultos-junto-a-fundacion-ingeniosas\/","title":{"rendered":"Cine, Ciencia y Talento Local: Estudiantes Disfrutan de \u201cTalentos Ocultos\u201d junto a Fundaci\u00f3n Ingeniosas"},"content":{"rendered":"\n<p>Una inspiradora jornada vivieron nuestras estudiantes de 7\u00b0 y 8\u00b0 B\u00e1sico junto a las de 2\u00b0 y 3\u00b0 Medio este jueves 2 de octubre, en una actividad que uni\u00f3 el cine con la ciencia y la reflexi\u00f3n, de la mano de la Fundaci\u00f3n Ingeniosas<strong>.<\/strong><\/p>\n\n\n\n<p>En el marco del festival anual \u201cSemana Ingeniosas\u201d, una iniciativa que busca acercar las \u00e1reas de Ciencia, Tecnolog\u00eda, Ingenier\u00eda y Matem\u00e1ticas (STEM) a las ni\u00f1as de manera entretenida y motivadora, el Gimnasio de nuestro Colegio se transform\u00f3 en una gran sala de cine para proyectar la aclamada pel\u00edcula \u00abTalentos Ocultos\u00bb.<\/p>\n\n\n\n<p>La cinta, basada en la historia real de tres mujeres cient\u00edficas afroamericanas que fueron clave en el \u00e9xito de las primeras misiones espaciales de la NASA, sirvi\u00f3 como punto de partida para un enriquecedor conversatorio.<\/p>\n\n\n\n<figure class=\"wp-block-image size-large\"><img decoding=\"async\" loading=\"lazy\" width=\"1024\" height=\"685\" src=\"https:\/\/colegiofemar.cl\/web\/wp-content\/uploads\/2025\/10\/viendo-peli-1024x685.jpg\" alt=\"\" class=\"wp-image-4012\" srcset=\"https:\/\/colegiofemar.cl\/web\/wp-content\/uploads\/2025\/10\/viendo-peli-1024x685.jpg 1024w, https:\/\/colegiofemar.cl\/web\/wp-content\/uploads\/2025\/10\/viendo-peli-300x201.jpg 300w, https:\/\/colegiofemar.cl\/web\/wp-content\/uploads\/2025\/10\/viendo-peli-768x514.jpg 768w, https:\/\/colegiofemar.cl\/web\/wp-content\/uploads\/2025\/10\/viendo-peli-1536x1028.jpg 1536w, https:\/\/colegiofemar.cl\/web\/wp-content\/uploads\/2025\/10\/viendo-peli-2048x1371.jpg 2048w\" sizes=\"(max-width: 1024px) 100vw, 1024px\" \/><\/figure>\n\n\n\n<p>La actividad cont\u00f3 con el invaluable apoyo y acompa\u00f1amiento del equipo de Fundaci\u00f3n Ingeniosas, quienes guiaron un espacio de reflexi\u00f3n post-pel\u00edcula. El objetivo fue claro: inspirar a nuestras estudiantes, derribar estereotipos de g\u00e9nero en las ciencias y demostrar que con perseverancia y talento, no hay l\u00edmites para lo que pueden lograr.<\/p>\n\n\n\n<p>Para hacer la jornada a\u00fan m\u00e1s especial y cercana, el conversatorio fue conducido por una invitada de honor: Yuvineza G\u00f3mez, una destacada cient\u00edfica y, con gran orgullo para nuestra comunidad, ex-alumna del Colegio Femenino Madre del Rosario.<\/p>\n\n\n\n<p>Yuvineza comparti\u00f3 su propia trayectoria y motiv\u00f3 a las estudiantes a perseguir sus pasiones. Egresada de la Licenciatura en F\u00edsica con menci\u00f3n en Astronom\u00eda (2013), Mag\u00edster en Ciencias (2016) y Doctorado en Ciencias con menci\u00f3n en F\u00edsica (2022), todos por la Universidad Cat\u00f3lica del Norte (UCN), su carrera es un testimonio del poder de la dedicaci\u00f3n. Recientemente, el 1 de septiembre, se incorpor\u00f3 como acad\u00e9mica al Departamento de F\u00edsica de la Facultad de Ciencias de la UCN, un reconocimiento a su amplia trayectoria en docencia, investigaci\u00f3n y divulgaci\u00f3n, \u00e1rea en la que tambi\u00e9n posee un diploma de la Universidad de Antofagasta.<\/p>\n\n\n\n<figure class=\"wp-block-gallery has-nested-images columns-default is-cropped wp-block-gallery-1 is-layout-flex\">\n<figure class=\"wp-block-image size-large\"><img decoding=\"async\" loading=\"lazy\" width=\"1024\" height=\"685\" data-id=\"4016\"  src=\"https:\/\/colegiofemar.cl\/web\/wp-content\/uploads\/2025\/10\/DSC_0495-1024x685.jpg\" alt=\"\" class=\"wp-image-4016\" srcset=\"https:\/\/colegiofemar.cl\/web\/wp-content\/uploads\/2025\/10\/DSC_0495-1024x685.jpg 1024w, https:\/\/colegiofemar.cl\/web\/wp-content\/uploads\/2025\/10\/DSC_0495-300x201.jpg 300w, https:\/\/colegiofemar.cl\/web\/wp-content\/uploads\/2025\/10\/DSC_0495-768x514.jpg 768w, https:\/\/colegiofemar.cl\/web\/wp-content\/uploads\/2025\/10\/DSC_0495-1536x1028.jpg 1536w, https:\/\/colegiofemar.cl\/web\/wp-content\/uploads\/2025\/10\/DSC_0495-2048x1371.jpg 2048w\" sizes=\"(max-width: 1024px) 100vw, 1024px\" \/><\/figure>\n\n\n\n<figure class=\"wp-block-image size-large\"><img decoding=\"async\" loading=\"lazy\" width=\"1024\" height=\"685\" data-id=\"4014\"  src=\"https:\/\/colegiofemar.cl\/web\/wp-content\/uploads\/2025\/10\/DSC_0505-1024x685.jpg\" alt=\"\" class=\"wp-image-4014\" srcset=\"https:\/\/colegiofemar.cl\/web\/wp-content\/uploads\/2025\/10\/DSC_0505-1024x685.jpg 1024w, https:\/\/colegiofemar.cl\/web\/wp-content\/uploads\/2025\/10\/DSC_0505-300x201.jpg 300w, https:\/\/colegiofemar.cl\/web\/wp-content\/uploads\/2025\/10\/DSC_0505-768x514.jpg 768w, https:\/\/colegiofemar.cl\/web\/wp-content\/uploads\/2025\/10\/DSC_0505-1536x1028.jpg 1536w, https:\/\/colegiofemar.cl\/web\/wp-content\/uploads\/2025\/10\/DSC_0505-2048x1371.jpg 2048w\" sizes=\"(max-width: 1024px) 100vw, 1024px\" \/><\/figure>\n\n\n\n<figure class=\"wp-block-image size-large\"><img decoding=\"async\" loading=\"lazy\" width=\"1024\" height=\"685\" data-id=\"4015\"  src=\"https:\/\/colegiofemar.cl\/web\/wp-content\/uploads\/2025\/10\/DSC_0487-1024x685.jpg\" alt=\"\" class=\"wp-image-4015\" srcset=\"https:\/\/colegiofemar.cl\/web\/wp-content\/uploads\/2025\/10\/DSC_0487-1024x685.jpg 1024w, https:\/\/colegiofemar.cl\/web\/wp-content\/uploads\/2025\/10\/DSC_0487-300x201.jpg 300w, https:\/\/colegiofemar.cl\/web\/wp-content\/uploads\/2025\/10\/DSC_0487-768x514.jpg 768w, https:\/\/colegiofemar.cl\/web\/wp-content\/uploads\/2025\/10\/DSC_0487-1536x1028.jpg 1536w, https:\/\/colegiofemar.cl\/web\/wp-content\/uploads\/2025\/10\/DSC_0487-2048x1371.jpg 2048w\" sizes=\"(max-width: 1024px) 100vw, 1024px\" \/><\/figure>\n<\/figure>\n\n\n\n<p>Ver a una ex-compa\u00f1era, que alguna vez recorri\u00f3 estos mismos pasillos, convertida en una cient\u00edfica destacada, gener\u00f3 un ambiente de gran conexi\u00f3n y entusiasmo entre las alumnas. Sus palabras y experiencia fueron una fuente de inspiraci\u00f3n directa, mostrando un camino posible y alcanzable en el mundo de las ciencias.<\/p>\n\n\n\n<p>Agradecemos profundamente a Fundaci\u00f3n Ingeniosas por traer esta potente actividad a nuestro colegio y, en especial, a nuestra querida ex-alumna Yuvineza G\u00f3mez por compartir su tiempo y su historia. Sin duda, una jornada que sembr\u00f3 nuevas inquietudes y reforz\u00f3 la idea de que el futuro de la ciencia tambi\u00e9n les pertenece a nuestras estudiantes.<\/p>\n\n\n\n<figure class=\"wp-block-image size-large\"><img decoding=\"async\" loading=\"lazy\" width=\"1024\" height=\"685\" src=\"https:\/\/colegiofemar.cl\/web\/wp-content\/uploads\/2025\/10\/DSC_0502-1024x685.jpg\" alt=\"\" class=\"wp-image-4013\" srcset=\"https:\/\/colegiofemar.cl\/web\/wp-content\/uploads\/2025\/10\/DSC_0502-1024x685.jpg 1024w, https:\/\/colegiofemar.cl\/web\/wp-content\/uploads\/2025\/10\/DSC_0502-300x201.jpg 300w, https:\/\/colegiofemar.cl\/web\/wp-content\/uploads\/2025\/10\/DSC_0502-768x514.jpg 768w, https:\/\/colegiofemar.cl\/web\/wp-content\/uploads\/2025\/10\/DSC_0502-1536x1028.jpg 1536w, https:\/\/colegiofemar.cl\/web\/wp-content\/uploads\/2025\/10\/DSC_0502-2048x1371.jpg 2048w\" sizes=\"(max-width: 1024px) 100vw, 1024px\" \/><\/figure>\n","protected":false},"excerpt":{"rendered":"<p>Una inspiradora jornada vivieron nuestras estudiantes de 7\u00b0 y 8\u00b0 B\u00e1sico junto a las de 2\u00b0 y 3\u00b0 Medio este jueves 2 de octubre, en una actividad que uni\u00f3 el cine con la ciencia y la reflexi\u00f3n, de la mano de la Fundaci\u00f3n Ingeniosas. En el marco del festival anual \u201cSemana Ingeniosas\u201d, una iniciativa que [&#8230;]\n","protected":false},"author":2,"featured_media":4011,"comment_status":"open","ping_status":"open","sticky":false,"template":"","format":"standard","meta":[],"categories":[12,1,3],"tags":[],"_links":{"self":[{"href":"https:\/\/colegiofemar.cl\/web\/wp-json\/wp\/v2\/posts\/4009"}],"collection":[{"href":"https:\/\/colegiofemar.cl\/web\/wp-json\/wp\/v2\/posts"}],"about":[{"href":"https:\/\/colegiofemar.cl\/web\/wp-json\/wp\/v2\/types\/post"}],"author":[{"embeddable":true,"href":"https:\/\/colegiofemar.cl\/web\/wp-json\/wp\/v2\/users\/2"}],"replies":[{"embeddable":true,"href":"https:\/\/colegiofemar.cl\/web\/wp-json\/wp\/v2\/comments?post=4009"}],"version-history":[{"count":2,"href":"https:\/\/colegiofemar.cl\/web\/wp-json\/wp\/v2\/posts\/4009\/revisions"}],"predecessor-version":[{"id":4017,"href":"https:\/\/colegiofemar.cl\/web\/wp-json\/wp\/v2\/posts\/4009\/revisions\/4017"}],"wp:featuredmedia":[{"embeddable":true,"href":"https:\/\/colegiofemar.cl\/web\/wp-json\/wp\/v2\/media\/4011"}],"wp:attachment":[{"href":"https:\/\/colegiofemar.cl\/web\/wp-json\/wp\/v2\/media?parent=4009"}],"wp:term":[{"taxonomy":"category","embeddable":true,"href":"https:\/\/colegiofemar.cl\/web\/wp-json\/wp\/v2\/categories?post=4009"},{"taxonomy":"post_tag","embeddable":true,"href":"https:\/\/colegiofemar.cl\/web\/wp-json\/wp\/v2\/tags?post=4009"}],"curies":[{"name":"wp","href":"https:\/\/api.w.org\/{rel}","templated":true}]}}