{"id":4156,"date":"2026-03-05T14:53:11","date_gmt":"2026-03-05T14:53:11","guid":{"rendered":"https:\/\/colegiofemar.cl\/web\/?p=4156"},"modified":"2026-03-10T14:54:34","modified_gmt":"2026-03-10T14:54:34","slug":"jornada-de-salud-y-bienestar-visita-de-espacio-amigable-en-nuestro-colegio","status":"publish","type":"post","link":"https:\/\/colegiofemar.cl\/web\/2026\/03\/05\/jornada-de-salud-y-bienestar-visita-de-espacio-amigable-en-nuestro-colegio\/","title":{"rendered":"Jornada de Salud y Bienestar: Visita de \u00abEspacio Amigable\u00bb en nuestro Colegio"},"content":{"rendered":"\n<p>Este jueves 05 de marzo, nuestras estudiantes de la jornada de la ma\u00f1ana vivieron una experiencia de aprendizaje y autocuidado muy especial. Tuvimos el agrado de recibir al equipo de <strong>\u00abEspacio Amigable\u00bb<\/strong>, quienes se tomaron nuestro establecimiento para compartir conocimientos vitales para el desarrollo integral de nuestras j\u00f3venes.<\/p>\n\n\n\n<p>Fue una ma\u00f1ana cargada de dinamismo y confianza, donde profesionales expertas brindaron charlas informativas y resolvieron dudas en \u00e1reas fundamentales:<\/p>\n\n\n\n<ul>\n<li><strong>Salud Mental:<\/strong> Nuestra psic\u00f3loga invitada convers\u00f3 sobre el manejo de emociones y el bienestar personal.<\/li>\n\n\n\n<li><strong>Salud Integral y Autocuidado:<\/strong> La matrona orient\u00f3 a las alumnas sobre el respeto y cuidado de su cuerpo.<\/li>\n\n\n\n<li><strong>Nutrici\u00f3n Saludable:<\/strong> Aprendimos c\u00f3mo potenciar nuestra energ\u00eda y salud a trav\u00e9s de h\u00e1bitos alimenticios conscientes.<\/li>\n<\/ul>\n\n\n\n<p>Para el <strong>Colegio Femenino Madre del Rosario<\/strong>, es una prioridad generar estos espacios donde nuestras ni\u00f1as y adolescentes se sientan escuchadas, informadas y empoderadas para tomar decisiones saludables en sus vidas.<\/p>\n\n\n\n<p>\u00a1Agradecemos al equipo de salud por su dedicaci\u00f3n y a nuestras alumnas por su excelente participaci\u00f3n!<\/p>\n\n\n\n<figure class=\"wp-block-gallery has-nested-images columns-default is-cropped wp-block-gallery-1 is-layout-flex\">\n<figure class=\"wp-block-image size-large\"><img decoding=\"async\" loading=\"lazy\" width=\"768\" height=\"1024\" data-id=\"4159\"  src=\"https:\/\/colegiofemar.cl\/web\/wp-content\/uploads\/2026\/03\/WhatsApp-Image-2026-03-10-at-10.19.07-AM-768x1024.jpeg\" alt=\"\" class=\"wp-image-4159\" srcset=\"https:\/\/colegiofemar.cl\/web\/wp-content\/uploads\/2026\/03\/WhatsApp-Image-2026-03-10-at-10.19.07-AM-768x1024.jpeg 768w, https:\/\/colegiofemar.cl\/web\/wp-content\/uploads\/2026\/03\/WhatsApp-Image-2026-03-10-at-10.19.07-AM-225x300.jpeg 225w, https:\/\/colegiofemar.cl\/web\/wp-content\/uploads\/2026\/03\/WhatsApp-Image-2026-03-10-at-10.19.07-AM-1152x1536.jpeg 1152w, https:\/\/colegiofemar.cl\/web\/wp-content\/uploads\/2026\/03\/WhatsApp-Image-2026-03-10-at-10.19.07-AM.jpeg 1200w\" sizes=\"(max-width: 768px) 100vw, 768px\" \/><\/figure>\n\n\n\n<figure class=\"wp-block-image size-large\"><img decoding=\"async\" loading=\"lazy\" width=\"768\" height=\"1024\" data-id=\"4157\"  src=\"https:\/\/colegiofemar.cl\/web\/wp-content\/uploads\/2026\/03\/WhatsApp-Image-2026-03-10-at-10.19.06-AM-768x1024.jpeg\" alt=\"\" class=\"wp-image-4157\" srcset=\"https:\/\/colegiofemar.cl\/web\/wp-content\/uploads\/2026\/03\/WhatsApp-Image-2026-03-10-at-10.19.06-AM-768x1024.jpeg 768w, https:\/\/colegiofemar.cl\/web\/wp-content\/uploads\/2026\/03\/WhatsApp-Image-2026-03-10-at-10.19.06-AM-225x300.jpeg 225w, https:\/\/colegiofemar.cl\/web\/wp-content\/uploads\/2026\/03\/WhatsApp-Image-2026-03-10-at-10.19.06-AM.jpeg 960w\" sizes=\"(max-width: 768px) 100vw, 768px\" \/><\/figure>\n\n\n\n<figure class=\"wp-block-image size-large\"><img decoding=\"async\" loading=\"lazy\" width=\"1024\" height=\"768\" data-id=\"4158\"  src=\"https:\/\/colegiofemar.cl\/web\/wp-content\/uploads\/2026\/03\/WhatsApp-Image-2026-03-10-at-10.19.05-AM3-1024x768.jpeg\" alt=\"\" class=\"wp-image-4158\" srcset=\"https:\/\/colegiofemar.cl\/web\/wp-content\/uploads\/2026\/03\/WhatsApp-Image-2026-03-10-at-10.19.05-AM3-1024x768.jpeg 1024w, https:\/\/colegiofemar.cl\/web\/wp-content\/uploads\/2026\/03\/WhatsApp-Image-2026-03-10-at-10.19.05-AM3-300x225.jpeg 300w, https:\/\/colegiofemar.cl\/web\/wp-content\/uploads\/2026\/03\/WhatsApp-Image-2026-03-10-at-10.19.05-AM3-768x576.jpeg 768w, https:\/\/colegiofemar.cl\/web\/wp-content\/uploads\/2026\/03\/WhatsApp-Image-2026-03-10-at-10.19.05-AM3-1536x1152.jpeg 1536w, https:\/\/colegiofemar.cl\/web\/wp-content\/uploads\/2026\/03\/WhatsApp-Image-2026-03-10-at-10.19.05-AM3.jpeg 1600w\" sizes=\"(max-width: 1024px) 100vw, 1024px\" \/><\/figure>\n\n\n\n<figure class=\"wp-block-image size-large\"><img decoding=\"async\" loading=\"lazy\" width=\"1024\" height=\"768\" data-id=\"4162\"  src=\"https:\/\/colegiofemar.cl\/web\/wp-content\/uploads\/2026\/03\/WhatsApp-Image-2026-03-10-at-10.19.05-AM2-1024x768.jpeg\" alt=\"\" class=\"wp-image-4162\" srcset=\"https:\/\/colegiofemar.cl\/web\/wp-content\/uploads\/2026\/03\/WhatsApp-Image-2026-03-10-at-10.19.05-AM2-1024x768.jpeg 1024w, https:\/\/colegiofemar.cl\/web\/wp-content\/uploads\/2026\/03\/WhatsApp-Image-2026-03-10-at-10.19.05-AM2-300x225.jpeg 300w, https:\/\/colegiofemar.cl\/web\/wp-content\/uploads\/2026\/03\/WhatsApp-Image-2026-03-10-at-10.19.05-AM2-768x576.jpeg 768w, https:\/\/colegiofemar.cl\/web\/wp-content\/uploads\/2026\/03\/WhatsApp-Image-2026-03-10-at-10.19.05-AM2-1536x1152.jpeg 1536w, https:\/\/colegiofemar.cl\/web\/wp-content\/uploads\/2026\/03\/WhatsApp-Image-2026-03-10-at-10.19.05-AM2.jpeg 1600w\" sizes=\"(max-width: 1024px) 100vw, 1024px\" \/><\/figure>\n<\/figure>\n\n\n\n<p><\/p>\n","protected":false},"excerpt":{"rendered":"<p>Este jueves 05 de marzo, nuestras estudiantes de la jornada de la ma\u00f1ana vivieron una experiencia de aprendizaje y autocuidado muy especial. Tuvimos el agrado de recibir al equipo de \u00abEspacio Amigable\u00bb, quienes se tomaron nuestro establecimiento para compartir conocimientos vitales para el desarrollo integral de nuestras j\u00f3venes. Fue una ma\u00f1ana cargada de dinamismo y [&#8230;]\n","protected":false},"author":2,"featured_media":4161,"comment_status":"open","ping_status":"open","sticky":false,"template":"","format":"standard","meta":[],"categories":[10,1,3],"tags":[],"_links":{"self":[{"href":"https:\/\/colegiofemar.cl\/web\/wp-json\/wp\/v2\/posts\/4156"}],"collection":[{"href":"https:\/\/colegiofemar.cl\/web\/wp-json\/wp\/v2\/posts"}],"about":[{"href":"https:\/\/colegiofemar.cl\/web\/wp-json\/wp\/v2\/types\/post"}],"author":[{"embeddable":true,"href":"https:\/\/colegiofemar.cl\/web\/wp-json\/wp\/v2\/users\/2"}],"replies":[{"embeddable":true,"href":"https:\/\/colegiofemar.cl\/web\/wp-json\/wp\/v2\/comments?post=4156"}],"version-history":[{"count":2,"href":"https:\/\/colegiofemar.cl\/web\/wp-json\/wp\/v2\/posts\/4156\/revisions"}],"predecessor-version":[{"id":4163,"href":"https:\/\/colegiofemar.cl\/web\/wp-json\/wp\/v2\/posts\/4156\/revisions\/4163"}],"wp:featuredmedia":[{"embeddable":true,"href":"https:\/\/colegiofemar.cl\/web\/wp-json\/wp\/v2\/media\/4161"}],"wp:attachment":[{"href":"https:\/\/colegiofemar.cl\/web\/wp-json\/wp\/v2\/media?parent=4156"}],"wp:term":[{"taxonomy":"category","embeddable":true,"href":"https:\/\/colegiofemar.cl\/web\/wp-json\/wp\/v2\/categories?post=4156"},{"taxonomy":"post_tag","embeddable":true,"href":"https:\/\/colegiofemar.cl\/web\/wp-json\/wp\/v2\/tags?post=4156"}],"curies":[{"name":"wp","href":"https:\/\/api.w.org\/{rel}","templated":true}]}}