{"id":4525,"date":"2026-08-27T16:36:51","date_gmt":"2026-08-27T16:36:51","guid":{"rendered":"https:\/\/colegiofemar.cl\/web\/?p=4525"},"modified":"2026-08-31T16:39:56","modified_gmt":"2026-08-31T16:39:56","slug":"eucaristia-en-honor-a-santo-domingo-de-guzman-comunidad-fe-y-tradicion-dominica","status":"publish","type":"post","link":"https:\/\/colegiofemar.cl\/web\/2026\/08\/27\/eucaristia-en-honor-a-santo-domingo-de-guzman-comunidad-fe-y-tradicion-dominica\/","title":{"rendered":"Eucarist\u00eda en Honor a Santo Domingo de Guzm\u00e1n: Comunidad, Fe y Tradici\u00f3n Dominica"},"content":{"rendered":"\n<p>Nuestra comunidad educativa del Colegio Femenino Madre del Rosario se congreg\u00f3 con profundo fervor para celebrar la tradicional Eucarist\u00eda en honor a Santo Domingo de Guzm\u00e1n, fundador de la Orden de Predicadores y faro espiritual de nuestra misi\u00f3n formadora.<\/p>\n\n\n\n<p>La ceremonia cont\u00f3 con la participaci\u00f3n activa de estudiantes, directivos, docentes, personal administrativo y familias, quienes compartieron un emotivo encuentro de oraci\u00f3n y reflexi\u00f3n centrado en los valores del amor a la verdad (<em>Veritas<\/em>), el estudio, la fraternidad y el servicio al pr\u00f3jimo.<\/p>\n\n\n\n<blockquote class=\"wp-block-quote\">\n<p>Alabar, bendecir y predicar: un legado que nuestras alumnas renuevan d\u00eda a d\u00eda en cada una de sus aulas y proyectos.<\/p>\n<\/blockquote>\n\n\n\n<p>Durante la liturgia, las estudiantes de distintos niveles ofrecieron s\u00edmbolos representativos del quehacer estudiantil, pidiendo por la sabidur\u00eda y la perseverancia de toda nuestra comunidad escolar.<\/p>\n\n\n\n<figure class=\"wp-block-image size-large\"><img decoding=\"async\" loading=\"lazy\" width=\"1024\" height=\"768\" src=\"https:\/\/colegiofemar.cl\/web\/wp-content\/uploads\/2026\/08\/eucaristia_santo_domingo_2026_1-1024x768.jpg\" alt=\"\" class=\"wp-image-4526\" srcset=\"https:\/\/colegiofemar.cl\/web\/wp-content\/uploads\/2026\/08\/eucaristia_santo_domingo_2026_1-1024x768.jpg 1024w, https:\/\/colegiofemar.cl\/web\/wp-content\/uploads\/2026\/08\/eucaristia_santo_domingo_2026_1-300x225.jpg 300w, https:\/\/colegiofemar.cl\/web\/wp-content\/uploads\/2026\/08\/eucaristia_santo_domingo_2026_1-768x576.jpg 768w, https:\/\/colegiofemar.cl\/web\/wp-content\/uploads\/2026\/08\/eucaristia_santo_domingo_2026_1.jpg 1280w\" sizes=\"(max-width: 1024px) 100vw, 1024px\" \/><\/figure>\n\n\n\n<p><strong>Momentos destacados de la jornada<\/strong><\/p>\n\n\n\n<ul>\n<li><strong>Ofrendas estudiantiles:<\/strong> Representantes de cada ciclo presentaron la luz, la Biblia y los frutos del trabajo escolar como signo de entrega y vocaci\u00f3n.<\/li>\n\n\n\n<li><strong>Acompa\u00f1amiento del coro:<\/strong> Las alumnas del coro institucional guiaron los cantos lit\u00fargicos con emotivas interpretaciones dedicadas al carisma dominico.<\/li>\n\n\n\n<li><strong>Bendici\u00f3n final:<\/strong> Un mensaje de fraternidad y compromiso para seguir construyendo una comunidad unida en la fe y la excelencia acad\u00e9mica.<\/li>\n<\/ul>\n\n\n\n<figure class=\"wp-block-image size-large\"><img decoding=\"async\" loading=\"lazy\" width=\"1024\" height=\"768\" src=\"https:\/\/colegiofemar.cl\/web\/wp-content\/uploads\/2026\/08\/eucaristia_santo_domingo_2026_2-1024x768.jpg\" alt=\"\" class=\"wp-image-4528\" srcset=\"https:\/\/colegiofemar.cl\/web\/wp-content\/uploads\/2026\/08\/eucaristia_santo_domingo_2026_2-1024x768.jpg 1024w, https:\/\/colegiofemar.cl\/web\/wp-content\/uploads\/2026\/08\/eucaristia_santo_domingo_2026_2-300x225.jpg 300w, https:\/\/colegiofemar.cl\/web\/wp-content\/uploads\/2026\/08\/eucaristia_santo_domingo_2026_2-768x576.jpg 768w, https:\/\/colegiofemar.cl\/web\/wp-content\/uploads\/2026\/08\/eucaristia_santo_domingo_2026_2.jpg 1280w\" sizes=\"(max-width: 1024px) 100vw, 1024px\" \/><\/figure>\n\n\n\n<figure class=\"wp-block-image size-large\"><img decoding=\"async\" loading=\"lazy\" width=\"1024\" height=\"768\" src=\"https:\/\/colegiofemar.cl\/web\/wp-content\/uploads\/2026\/08\/eucaristia_santo_domingo_2026_3-1024x768.jpg\" alt=\"\" class=\"wp-image-4531\" srcset=\"https:\/\/colegiofemar.cl\/web\/wp-content\/uploads\/2026\/08\/eucaristia_santo_domingo_2026_3-1024x768.jpg 1024w, https:\/\/colegiofemar.cl\/web\/wp-content\/uploads\/2026\/08\/eucaristia_santo_domingo_2026_3-300x225.jpg 300w, https:\/\/colegiofemar.cl\/web\/wp-content\/uploads\/2026\/08\/eucaristia_santo_domingo_2026_3-768x576.jpg 768w, https:\/\/colegiofemar.cl\/web\/wp-content\/uploads\/2026\/08\/eucaristia_santo_domingo_2026_3.jpg 1280w\" sizes=\"(max-width: 1024px) 100vw, 1024px\" \/><\/figure>\n\n\n\n<p>Agradecemos a cada una de las familias y miembros de nuestra instituci\u00f3n que hicieron posible este significativo momento de encuentro espiritual. Que el ejemplo y gu\u00eda de Santo Domingo de Guzm\u00e1n siga iluminando el camino de nuestras ni\u00f1as y j\u00f3venes.<\/p>\n","protected":false},"excerpt":{"rendered":"<p>Nuestra comunidad educativa del Colegio Femenino Madre del Rosario se congreg\u00f3 con profundo fervor para celebrar la tradicional Eucarist\u00eda en honor a Santo Domingo de Guzm\u00e1n, fundador de la Orden de Predicadores y faro espiritual de nuestra misi\u00f3n formadora. La ceremonia cont\u00f3 con la participaci\u00f3n activa de estudiantes, directivos, docentes, personal administrativo y familias, quienes [&#8230;]\n","protected":false},"author":2,"featured_media":4527,"comment_status":"open","ping_status":"open","sticky":false,"template":"","format":"standard","meta":[],"categories":[1,3,5],"tags":[],"_links":{"self":[{"href":"https:\/\/colegiofemar.cl\/web\/wp-json\/wp\/v2\/posts\/4525"}],"collection":[{"href":"https:\/\/colegiofemar.cl\/web\/wp-json\/wp\/v2\/posts"}],"about":[{"href":"https:\/\/colegiofemar.cl\/web\/wp-json\/wp\/v2\/types\/post"}],"author":[{"embeddable":true,"href":"https:\/\/colegiofemar.cl\/web\/wp-json\/wp\/v2\/users\/2"}],"replies":[{"embeddable":true,"href":"https:\/\/colegiofemar.cl\/web\/wp-json\/wp\/v2\/comments?post=4525"}],"version-history":[{"count":3,"href":"https:\/\/colegiofemar.cl\/web\/wp-json\/wp\/v2\/posts\/4525\/revisions"}],"predecessor-version":[{"id":4533,"href":"https:\/\/colegiofemar.cl\/web\/wp-json\/wp\/v2\/posts\/4525\/revisions\/4533"}],"wp:featuredmedia":[{"embeddable":true,"href":"https:\/\/colegiofemar.cl\/web\/wp-json\/wp\/v2\/media\/4527"}],"wp:attachment":[{"href":"https:\/\/colegiofemar.cl\/web\/wp-json\/wp\/v2\/media?parent=4525"}],"wp:term":[{"taxonomy":"category","embeddable":true,"href":"https:\/\/colegiofemar.cl\/web\/wp-json\/wp\/v2\/categories?post=4525"},{"taxonomy":"post_tag","embeddable":true,"href":"https:\/\/colegiofemar.cl\/web\/wp-json\/wp\/v2\/tags?post=4525"}],"curies":[{"name":"wp","href":"https:\/\/api.w.org\/{rel}","templated":true}]}}