{"id":4534,"date":"2026-08-31T19:29:56","date_gmt":"2026-08-31T19:29:56","guid":{"rendered":"https:\/\/colegiofemar.cl\/web\/?p=4534"},"modified":"2026-08-31T19:30:13","modified_gmt":"2026-08-31T19:30:13","slug":"dio-inicio-al-proceso-de-difusion-de-la-vida-y-obra-del-siervo-de-dios-mons-ramon-zubieta-y-les","status":"publish","type":"post","link":"https:\/\/colegiofemar.cl\/web\/2026\/08\/31\/dio-inicio-al-proceso-de-difusion-de-la-vida-y-obra-del-siervo-de-dios-mons-ramon-zubieta-y-les\/","title":{"rendered":"Dio inicio al proceso de difusi\u00f3n de la Vida y Obra del Siervo de Dios Mons. Ram\u00f3n Zubieta y Les"},"content":{"rendered":"\n<p>Con gran entusiasmo, recogimiento y esp\u00edritu de comuni\u00f3n eclesial, nuestra comunidad educativa del Colegio Femenino Madre del Rosario particip\u00f3 hoy, lunes 31 de agosto, en la transmisi\u00f3n oficial del inicio del proceso de difusi\u00f3n de la vida y obra del Siervo de Dios Monse\u00f1or Ram\u00f3n Zubieta y Les, convocado a nivel internacional por la Congregaci\u00f3n de las Hermanas Misioneras Dominicas del Rosario.<\/p>\n\n\n\n<p>A partir de las 10:00 horas, estudiantes de todos los niveles, cuerpo docente, equipo directivo y asistentes de la educaci\u00f3n nos reunimos en el gimnasio de nuestro colegio para seguir en directo y en pantalla gigante la transmisi\u00f3n de este hito. En un ambiente de oraci\u00f3n y fraternidad, compartimos juntos este importante acontecimiento eclesial, al cual tambi\u00e9n se unieron de forma remota padres, madres y apoderados a trav\u00e9s de las plataformas digitales.<\/p>\n\n\n\n<figure class=\"wp-block-image size-large\"><img decoding=\"async\" loading=\"lazy\" width=\"1024\" height=\"768\" src=\"https:\/\/colegiofemar.cl\/web\/wp-content\/uploads\/2026\/08\/lanzamiento_monsenor_2026_1-1024x768.jpg\" alt=\"\" class=\"wp-image-4537\" srcset=\"https:\/\/colegiofemar.cl\/web\/wp-content\/uploads\/2026\/08\/lanzamiento_monsenor_2026_1-1024x768.jpg 1024w, https:\/\/colegiofemar.cl\/web\/wp-content\/uploads\/2026\/08\/lanzamiento_monsenor_2026_1-300x225.jpg 300w, https:\/\/colegiofemar.cl\/web\/wp-content\/uploads\/2026\/08\/lanzamiento_monsenor_2026_1-768x576.jpg 768w, https:\/\/colegiofemar.cl\/web\/wp-content\/uploads\/2026\/08\/lanzamiento_monsenor_2026_1-1536x1152.jpg 1536w, https:\/\/colegiofemar.cl\/web\/wp-content\/uploads\/2026\/08\/lanzamiento_monsenor_2026_1.jpg 1600w\" sizes=\"(max-width: 1024px) 100vw, 1024px\" \/><\/figure>\n\n\n\n<h4 class=\"wp-block-heading\">Un legado misionero que inspira a toda la comunidad<\/h4>\n\n\n\n<p>Este evento marca el comienzo de una campa\u00f1a pastoral que busca visibilizar la entrega evangelizadora, el esp\u00edritu misionero y las virtudes cristianas de Mons. Ram\u00f3n Zubieta, cofundador de las Misioneras Dominicas del Rosario.<\/p>\n\n\n\n<p>Nuestras alumnas pudieron conocer m\u00e1s sobre su historia, su valent\u00eda y su compromiso incansable con los m\u00e1s desfavorecidos, reafirmando los valores y el carisma dominicano que orientan el quehacer diario de nuestro establecimiento.<\/p>\n\n\n\n<figure class=\"wp-block-image size-large\"><img decoding=\"async\" loading=\"lazy\" width=\"1024\" height=\"768\" src=\"https:\/\/colegiofemar.cl\/web\/wp-content\/uploads\/2026\/08\/lanzamiento_monsenor_2026_2-1024x768.jpg\" alt=\"\" class=\"wp-image-4538\" srcset=\"https:\/\/colegiofemar.cl\/web\/wp-content\/uploads\/2026\/08\/lanzamiento_monsenor_2026_2-1024x768.jpg 1024w, https:\/\/colegiofemar.cl\/web\/wp-content\/uploads\/2026\/08\/lanzamiento_monsenor_2026_2-300x225.jpg 300w, https:\/\/colegiofemar.cl\/web\/wp-content\/uploads\/2026\/08\/lanzamiento_monsenor_2026_2-768x576.jpg 768w, https:\/\/colegiofemar.cl\/web\/wp-content\/uploads\/2026\/08\/lanzamiento_monsenor_2026_2-1536x1152.jpg 1536w, https:\/\/colegiofemar.cl\/web\/wp-content\/uploads\/2026\/08\/lanzamiento_monsenor_2026_2.jpg 1600w\" sizes=\"(max-width: 1024px) 100vw, 1024px\" \/><\/figure>\n\n\n\n<h4 class=\"wp-block-heading\">S\u00famate a los canales y redes oficiales<\/h4>\n\n\n\n<p>Para seguir de cerca cada testimonio, material formativo y unirse a la cadena de oraci\u00f3n, invitamos a toda la familia FEMAR a seguir las cuentas oficiales:<\/p>\n\n\n\n<ul>\n<li><strong>YouTube:<\/strong> <a rel=\"noreferrer noopener\" href=\"https:\/\/www.youtube.com\/watch?v=HBBe6ASvoVI\" target=\"_blank\">@Monse\u00f1orRamonZubietayLes-j4v<\/a><\/li>\n\n\n\n<li><strong>Facebook:<\/strong> <a href=\"https:\/\/www.facebook.com\/share\/1JqTFxoEwV\/?mibextid=wwXIfr\" data-type=\"URL\" data-id=\"https:\/\/www.facebook.com\/share\/1JqTFxoEwV\/?mibextid=wwXIfr\" target=\"_blank\" rel=\"noreferrer noopener\">Monse\u00f1or Ram\u00f3n Zubieta y les HMDR<\/a><\/li>\n\n\n\n<li><strong>Instagram:<\/strong> <a href=\"https:\/\/www.instagram.com\/mons.ramonzubietayles?igsh=cmZyemswNTI4NHY0&amp;utm_source=qr\" data-type=\"URL\" data-id=\"https:\/\/www.instagram.com\/mons.ramonzubietayles?igsh=cmZyemswNTI4NHY0&amp;utm_source=qr\" target=\"_blank\" rel=\"noreferrer noopener\">@mons.ramonzubieta<\/a><\/li>\n\n\n\n<li><strong>TikTok:<\/strong> <a href=\"https:\/\/www.tiktok.com\/@mons.ramon.zubieta?_r=1&amp;_t=ZS-992br8weBBV\" data-type=\"URL\" data-id=\"https:\/\/www.tiktok.com\/@mons.ramon.zubieta?_r=1&amp;_t=ZS-992br8weBBV\" target=\"_blank\" rel=\"noreferrer noopener\">@mons.RamonZubietayLes<\/a><\/li>\n\n\n\n<li><strong>Contacto v\u00eda WhatsApp:<\/strong> <a rel=\"noreferrer noopener\" href=\"https:\/\/wa.me\/34666065386?utm_source=chatgpt.com\" data-type=\"URL\" data-id=\"https:\/\/wa.me\/34666065386?utm_source=chatgpt.com\" target=\"_blank\">+56 9 7784 3326<\/a> \/ <a rel=\"noreferrer noopener\" href=\"https:\/\/wa.me\/34666065386?utm_source=chatgpt.com\" data-type=\"URL\" data-id=\"https:\/\/wa.me\/34666065386?utm_source=chatgpt.com\" target=\"_blank\">+34 666 065 <\/a><\/li>\n<\/ul>\n\n\n\n<p>Agradecemos a cada integrante de nuestra comunidad escolar por su participaci\u00f3n, respeto y alegr\u00eda en este significativo encuentro de fe y comuni\u00f3n.<\/p>\n\n\n\n<p>Pueden ver la grabaci\u00f3n del lanzamiento en el siguiente enlace:<\/p>\n\n\n\n<p><a href=\"https:\/\/www.youtube.com\/watch?v=HBBe6ASvoVI\" target=\"_blank\" rel=\"noreferrer noopener\">https:\/\/www.youtube.com\/watch?v=HBBe6ASvoVI<\/a><\/p>\n","protected":false},"excerpt":{"rendered":"<p>Con gran entusiasmo, recogimiento y esp\u00edritu de comuni\u00f3n eclesial, nuestra comunidad educativa del Colegio Femenino Madre del Rosario particip\u00f3 hoy, lunes 31 de agosto, en la transmisi\u00f3n oficial del inicio del proceso de difusi\u00f3n de la vida y obra del Siervo de Dios Monse\u00f1or Ram\u00f3n Zubieta y Les, convocado a nivel internacional por la Congregaci\u00f3n [&#8230;]\n","protected":false},"author":2,"featured_media":4536,"comment_status":"open","ping_status":"open","sticky":false,"template":"","format":"standard","meta":[],"categories":[1,3,5],"tags":[],"_links":{"self":[{"href":"https:\/\/colegiofemar.cl\/web\/wp-json\/wp\/v2\/posts\/4534"}],"collection":[{"href":"https:\/\/colegiofemar.cl\/web\/wp-json\/wp\/v2\/posts"}],"about":[{"href":"https:\/\/colegiofemar.cl\/web\/wp-json\/wp\/v2\/types\/post"}],"author":[{"embeddable":true,"href":"https:\/\/colegiofemar.cl\/web\/wp-json\/wp\/v2\/users\/2"}],"replies":[{"embeddable":true,"href":"https:\/\/colegiofemar.cl\/web\/wp-json\/wp\/v2\/comments?post=4534"}],"version-history":[{"count":3,"href":"https:\/\/colegiofemar.cl\/web\/wp-json\/wp\/v2\/posts\/4534\/revisions"}],"predecessor-version":[{"id":4540,"href":"https:\/\/colegiofemar.cl\/web\/wp-json\/wp\/v2\/posts\/4534\/revisions\/4540"}],"wp:featuredmedia":[{"embeddable":true,"href":"https:\/\/colegiofemar.cl\/web\/wp-json\/wp\/v2\/media\/4536"}],"wp:attachment":[{"href":"https:\/\/colegiofemar.cl\/web\/wp-json\/wp\/v2\/media?parent=4534"}],"wp:term":[{"taxonomy":"category","embeddable":true,"href":"https:\/\/colegiofemar.cl\/web\/wp-json\/wp\/v2\/categories?post=4534"},{"taxonomy":"post_tag","embeddable":true,"href":"https:\/\/colegiofemar.cl\/web\/wp-json\/wp\/v2\/tags?post=4534"}],"curies":[{"name":"wp","href":"https:\/\/api.w.org\/{rel}","templated":true}]}}