{"id":4541,"date":"2026-09-02T20:05:48","date_gmt":"2026-09-02T20:05:48","guid":{"rendered":"https:\/\/colegiofemar.cl\/web\/?p=4541"},"modified":"2026-09-02T20:06:00","modified_gmt":"2026-09-02T20:06:00","slug":"retiros-sal-y-luz-del-mundo-un-espacio-vital-para-el-crecimiento-integral-de-nuestras-estudiantes","status":"publish","type":"post","link":"https:\/\/colegiofemar.cl\/web\/2026\/09\/02\/retiros-sal-y-luz-del-mundo-un-espacio-vital-para-el-crecimiento-integral-de-nuestras-estudiantes\/","title":{"rendered":"Retiros \u00abSal y Luz del Mundo\u00bb: Un espacio vital para el crecimiento integral de nuestras estudiantes"},"content":{"rendered":"\n<p>En medio del ajetreo escolar, nuestras estudiantes hicieron una pausa necesaria. Los retiros \u00abSal y Luz del Mundo\u00bb les brindaron un espacio seguro para conectar con su interioridad, fortalecer su esp\u00edritu y proyectarse como mujeres l\u00edderes con prop\u00f3sito.<\/p>\n\n\n\n<figure class=\"wp-block-image size-full is-resized\"><img decoding=\"async\" loading=\"lazy\" src=\"https:\/\/colegiofemar.cl\/web\/wp-content\/uploads\/2026\/09\/retiro_sal_y_luz_del_mundo_1.jpg\" alt=\"\" class=\"wp-image-4542\" width=\"447\" height=\"447\" srcset=\"https:\/\/colegiofemar.cl\/web\/wp-content\/uploads\/2026\/09\/retiro_sal_y_luz_del_mundo_1.jpg 384w, https:\/\/colegiofemar.cl\/web\/wp-content\/uploads\/2026\/09\/retiro_sal_y_luz_del_mundo_1-300x300.jpg 300w, https:\/\/colegiofemar.cl\/web\/wp-content\/uploads\/2026\/09\/retiro_sal_y_luz_del_mundo_1-150x150.jpg 150w\" sizes=\"(max-width: 447px) 100vw, 447px\" \/><\/figure>\n\n\n\n<p>En el Colegio Femenino Madre del Rosario, entendemos que la formaci\u00f3n de nuestras estudiantes va mucho m\u00e1s all\u00e1 del desarrollo acad\u00e9mico. Buscamos formar mujeres l\u00edderes, \u00edntegras y significativas para la sociedad. Es por ello que, desde la Coordinaci\u00f3n de Pastoral, hemos impulsado con mucha alegr\u00eda los retiros \u00abSal y Luz del Mundo\u00bb.<\/p>\n\n\n\n<h4 class=\"wp-block-heading\"><strong>\u00bfPor qu\u00e9 nos retiramos?<\/strong><\/h4>\n\n\n\n<p>Como nos planteamos durante estos encuentros: <em>\u00bfC\u00f3mo podemos ser l\u00edderes significativos si no nos detenemos a mirar nuestro mundo interior?<\/em> Vivimos en una \u00e9poca llena de est\u00edmulos y exigencias, por lo que hacer un alto se vuelve fundamental.<\/p>\n\n\n\n<p>Estos retiros tienen un prop\u00f3sito claro: brindar una preparaci\u00f3n emocional y espiritual que permita a nuestras j\u00f3venes cerrar etapas escolares con gratitud y mirar el futuro con esperanza. Es un momento privilegiado para la introspecci\u00f3n, para conectar con esa espiritualidad que fundamenta la vida en la fe y la esperanza en un Dios siempre presente.<\/p>\n\n\n\n<h4 class=\"wp-block-heading\"><strong>\u00abUn tiempo para cada cosa\u00bb<\/strong><\/h4>\n\n\n\n<p>Durante la jornada, que estuvo llena de momentos de profunda conexi\u00f3n, guiamos a las estudiantes a trav\u00e9s de diversas actividades. Una de las tem\u00e1ticas centrales gir\u00f3 en torno a la ense\u00f1anza del Eclesiast\u00e9s: comprender los ciclos de la vida. Reflexionamos sobre c\u00f3mo cada momento tiene un prop\u00f3sito bajo el cielo y c\u00f3mo los aprendizajes, incluso en las etapas dif\u00edciles, contribuyen a nuestro crecimiento personal.<\/p>\n\n\n\n<p>Nuestras estudiantes vivieron momentos de:<\/p>\n\n\n\n<ul>\n<li><strong>Reflexi\u00f3n inicial:<\/strong> Para desconectar del ruido exterior y soltar las cargas negativas.<\/li>\n\n\n\n<li><strong>An\u00e1lisis a la luz de la Palabra:<\/strong> Dialogando sobre citas b\u00edblicas para entender los ciclos vitales.<\/li>\n\n\n\n<li><strong>Discernimiento:<\/strong> Conectando con su interior para comprender el prop\u00f3sito de la etapa que viven.<\/li>\n<\/ul>\n\n\n\n<figure class=\"wp-block-image size-full is-resized\"><img decoding=\"async\" loading=\"lazy\" src=\"https:\/\/colegiofemar.cl\/web\/wp-content\/uploads\/2026\/09\/retiro_sal_y_luz_del_mundo_2.jpg\" alt=\"\" class=\"wp-image-4545\" width=\"630\" height=\"385\" srcset=\"https:\/\/colegiofemar.cl\/web\/wp-content\/uploads\/2026\/09\/retiro_sal_y_luz_del_mundo_2.jpg 370w, https:\/\/colegiofemar.cl\/web\/wp-content\/uploads\/2026\/09\/retiro_sal_y_luz_del_mundo_2-300x183.jpg 300w\" sizes=\"(max-width: 630px) 100vw, 630px\" \/><\/figure>\n\n\n\n<p><strong>Comunidad, Trascendencia y Gratitud<\/strong><\/p>\n\n\n\n<p>El retiro no solo fue un descanso, sino una verdadera experiencia en comunidad. Se convirti\u00f3 en un espacio seguro donde las j\u00f3venes pudieron expresar sus emociones sin juicios y compartir experiencias vitales con sus compa\u00f1eras, fortaleciendo as\u00ed nuestra identidad cat\u00f3lica.<\/p>\n\n\n\n<p>Buscamos que nuestras estudiantes comprendan que est\u00e1n llamadas a trascender, a ser esa \u00absal que da sabor\u00bb y esa \u00abluz que gu\u00eda\u00bb. Entendiendo que la sal requiere oraci\u00f3n para no perder su fuerza, y la luz necesita del silencio para no extinguirse ante las presiones del mundo.<\/p>\n\n\n\n<p>Aprovechamos este espacio para extender un <strong>profundo agradecimiento a nuestros Tutores<\/strong>. Su dedicaci\u00f3n, gu\u00eda y compromiso en la organizaci\u00f3n de esta significativa jornada son un reflejo vivo de los valores que nos definen como comunidad educativa. \u00a1Gracias por acompa\u00f1ar el camino de nuestras estudiantes!<\/p>\n\n\n\n<p><strong>Para conocer m\u00e1s detalles sobre lo vivido en estos hermosos encuentros, te invitamos a revisar la presentaci\u00f3n adjunta a continuaci\u00f3n.<\/strong><\/p>\n\n\n<a href=\"https:\/\/colegiofemar.cl\/web\/wp-content\/uploads\/2026\/09\/RETIROS-Sal-y-Luz-del-Mundo.pdf\" class=\"pdfemb-viewer\" style=\"\" data-width=\"max\" data-height=\"max\"  data-toolbar=\"bottom\" data-toolbar-fixed=\"off\">RETIROS-Sal-y-Luz-del-Mundo<br\/><\/a>\n<p class=\"wp-block-pdfemb-pdf-embedder-viewer\"><\/p>\n","protected":false},"excerpt":{"rendered":"<p>En medio del ajetreo escolar, nuestras estudiantes hicieron una pausa necesaria. Los retiros \u00abSal y Luz del Mundo\u00bb les brindaron un espacio seguro para conectar con su interioridad, fortalecer su esp\u00edritu y proyectarse como mujeres l\u00edderes con prop\u00f3sito. En el Colegio Femenino Madre del Rosario, entendemos que la formaci\u00f3n de nuestras estudiantes va mucho m\u00e1s [&#8230;]\n","protected":false},"author":2,"featured_media":4547,"comment_status":"open","ping_status":"open","sticky":false,"template":"","format":"standard","meta":[],"categories":[1,3,5],"tags":[],"_links":{"self":[{"href":"https:\/\/colegiofemar.cl\/web\/wp-json\/wp\/v2\/posts\/4541"}],"collection":[{"href":"https:\/\/colegiofemar.cl\/web\/wp-json\/wp\/v2\/posts"}],"about":[{"href":"https:\/\/colegiofemar.cl\/web\/wp-json\/wp\/v2\/types\/post"}],"author":[{"embeddable":true,"href":"https:\/\/colegiofemar.cl\/web\/wp-json\/wp\/v2\/users\/2"}],"replies":[{"embeddable":true,"href":"https:\/\/colegiofemar.cl\/web\/wp-json\/wp\/v2\/comments?post=4541"}],"version-history":[{"count":1,"href":"https:\/\/colegiofemar.cl\/web\/wp-json\/wp\/v2\/posts\/4541\/revisions"}],"predecessor-version":[{"id":4546,"href":"https:\/\/colegiofemar.cl\/web\/wp-json\/wp\/v2\/posts\/4541\/revisions\/4546"}],"wp:featuredmedia":[{"embeddable":true,"href":"https:\/\/colegiofemar.cl\/web\/wp-json\/wp\/v2\/media\/4547"}],"wp:attachment":[{"href":"https:\/\/colegiofemar.cl\/web\/wp-json\/wp\/v2\/media?parent=4541"}],"wp:term":[{"taxonomy":"category","embeddable":true,"href":"https:\/\/colegiofemar.cl\/web\/wp-json\/wp\/v2\/categories?post=4541"},{"taxonomy":"post_tag","embeddable":true,"href":"https:\/\/colegiofemar.cl\/web\/wp-json\/wp\/v2\/tags?post=4541"}],"curies":[{"name":"wp","href":"https:\/\/api.w.org\/{rel}","templated":true}]}}