{"id":4548,"date":"2026-09-01T15:05:51","date_gmt":"2026-09-01T15:05:51","guid":{"rendered":"https:\/\/colegiofemar.cl\/web\/?p=4548"},"modified":"2026-09-04T15:06:03","modified_gmt":"2026-09-04T15:06:03","slug":"bienvenida-a-septiembre-con-emotiva-oracion-y-tradiciones-patrias","status":"publish","type":"post","link":"https:\/\/colegiofemar.cl\/web\/2026\/09\/01\/bienvenida-a-septiembre-con-emotiva-oracion-y-tradiciones-patrias\/","title":{"rendered":"Bienvenida a septiembre con emotiva oraci\u00f3n y tradiciones patrias"},"content":{"rendered":"\n<p>Con fe, alegr\u00eda y profundo sentido de pertenencia, la comunidad educativa del Colegio Femenino Madre del Rosario se reuni\u00f3 este 1\u00b0 de septiembre en el patio central para celebrar la tradicional oraci\u00f3n por la patria, marcando el inicio de un nuevo mes de celebraciones nacionales.<\/p>\n\n\n\n<p>La jornada comenz\u00f3 a primera hora con un momento de recogimiento dirigido por el equipo de pastoral, donde estudiantes, docentes y directivos elevaron sus intenciones por el bienestar de nuestro pa\u00eds, sus familias y las necesidades de la comunidad escolar. Durante el encuentro, se bendijeron los s\u00edmbolos patrios y se enfatiz\u00f3 la importancia de cultivar valores como la unidad, el respeto y la solidaridad durante este mes.<\/p>\n\n\n\n<p>El acto continu\u00f3 con muestras art\u00edsticas preparadas por las propias alumnas, quienes vistieron trajes t\u00edpicos para rendir homenaje a nuestras ra\u00edces a trav\u00e9s de la danza:<\/p>\n\n\n\n<ul>\n<li><strong>Muestra de danzas tradicionales:<\/strong> Presentaci\u00f3n de un pie de cueca y bailes folcl\u00f3ricos a cargo de estudiantes de los distintos ciclos.<\/li>\n\n\n\n<li><strong>Homenaje musical:<\/strong> Interpretaci\u00f3n de tonadas y poes\u00edas alusivas a las costumbres de nuestra tierra.<\/li>\n<\/ul>\n\n\n\n<figure class=\"wp-block-gallery has-nested-images columns-default is-cropped wp-block-gallery-1 is-layout-flex\">\n<figure class=\"wp-block-image size-large\"><img decoding=\"async\" loading=\"lazy\" width=\"1024\" height=\"768\" data-id=\"4553\"  src=\"https:\/\/colegiofemar.cl\/web\/wp-content\/uploads\/2026\/09\/oracion_septiembre_6-1024x768.jpeg\" alt=\"\" class=\"wp-image-4553\" srcset=\"https:\/\/colegiofemar.cl\/web\/wp-content\/uploads\/2026\/09\/oracion_septiembre_6-1024x768.jpeg 1024w, https:\/\/colegiofemar.cl\/web\/wp-content\/uploads\/2026\/09\/oracion_septiembre_6-300x225.jpeg 300w, https:\/\/colegiofemar.cl\/web\/wp-content\/uploads\/2026\/09\/oracion_septiembre_6-768x576.jpeg 768w, https:\/\/colegiofemar.cl\/web\/wp-content\/uploads\/2026\/09\/oracion_septiembre_6.jpeg 1280w\" sizes=\"(max-width: 1024px) 100vw, 1024px\" \/><\/figure>\n\n\n\n<figure class=\"wp-block-image size-large\"><img decoding=\"async\" loading=\"lazy\" width=\"1024\" height=\"768\" data-id=\"4554\"  src=\"https:\/\/colegiofemar.cl\/web\/wp-content\/uploads\/2026\/09\/oracion_septiembre_5-1024x768.jpeg\" alt=\"\" class=\"wp-image-4554\" srcset=\"https:\/\/colegiofemar.cl\/web\/wp-content\/uploads\/2026\/09\/oracion_septiembre_5-1024x768.jpeg 1024w, https:\/\/colegiofemar.cl\/web\/wp-content\/uploads\/2026\/09\/oracion_septiembre_5-300x225.jpeg 300w, https:\/\/colegiofemar.cl\/web\/wp-content\/uploads\/2026\/09\/oracion_septiembre_5-768x576.jpeg 768w, https:\/\/colegiofemar.cl\/web\/wp-content\/uploads\/2026\/09\/oracion_septiembre_5.jpeg 1280w\" sizes=\"(max-width: 1024px) 100vw, 1024px\" \/><\/figure>\n\n\n\n<figure class=\"wp-block-image size-large\"><img decoding=\"async\" loading=\"lazy\" width=\"1024\" height=\"768\" data-id=\"4555\"  src=\"https:\/\/colegiofemar.cl\/web\/wp-content\/uploads\/2026\/09\/oracion_septiembre_4-1024x768.jpeg\" alt=\"\" class=\"wp-image-4555\" srcset=\"https:\/\/colegiofemar.cl\/web\/wp-content\/uploads\/2026\/09\/oracion_septiembre_4-1024x768.jpeg 1024w, https:\/\/colegiofemar.cl\/web\/wp-content\/uploads\/2026\/09\/oracion_septiembre_4-300x225.jpeg 300w, https:\/\/colegiofemar.cl\/web\/wp-content\/uploads\/2026\/09\/oracion_septiembre_4-768x576.jpeg 768w, https:\/\/colegiofemar.cl\/web\/wp-content\/uploads\/2026\/09\/oracion_septiembre_4.jpeg 1280w\" sizes=\"(max-width: 1024px) 100vw, 1024px\" \/><\/figure>\n\n\n\n<figure class=\"wp-block-image size-large\"><img decoding=\"async\" loading=\"lazy\" width=\"768\" height=\"1024\" data-id=\"4552\"  src=\"https:\/\/colegiofemar.cl\/web\/wp-content\/uploads\/2026\/09\/oracion_septiembre_3-768x1024.jpeg\" alt=\"\" class=\"wp-image-4552\" srcset=\"https:\/\/colegiofemar.cl\/web\/wp-content\/uploads\/2026\/09\/oracion_septiembre_3-768x1024.jpeg 768w, https:\/\/colegiofemar.cl\/web\/wp-content\/uploads\/2026\/09\/oracion_septiembre_3-225x300.jpeg 225w, https:\/\/colegiofemar.cl\/web\/wp-content\/uploads\/2026\/09\/oracion_septiembre_3.jpeg 960w\" sizes=\"(max-width: 768px) 100vw, 768px\" \/><\/figure>\n\n\n\n<figure class=\"wp-block-image size-large\"><img decoding=\"async\" loading=\"lazy\" width=\"768\" height=\"1024\" data-id=\"4551\"  src=\"https:\/\/colegiofemar.cl\/web\/wp-content\/uploads\/2026\/09\/oracion_septiembre_2-768x1024.jpeg\" alt=\"\" class=\"wp-image-4551\" srcset=\"https:\/\/colegiofemar.cl\/web\/wp-content\/uploads\/2026\/09\/oracion_septiembre_2-768x1024.jpeg 768w, https:\/\/colegiofemar.cl\/web\/wp-content\/uploads\/2026\/09\/oracion_septiembre_2-225x300.jpeg 225w, https:\/\/colegiofemar.cl\/web\/wp-content\/uploads\/2026\/09\/oracion_septiembre_2.jpeg 960w\" sizes=\"(max-width: 768px) 100vw, 768px\" \/><\/figure>\n\n\n\n<figure class=\"wp-block-image size-large\"><img decoding=\"async\" loading=\"lazy\" width=\"768\" height=\"1024\" data-id=\"4550\"  src=\"https:\/\/colegiofemar.cl\/web\/wp-content\/uploads\/2026\/09\/oracion_septiembre_1-768x1024.jpeg\" alt=\"\" class=\"wp-image-4550\" srcset=\"https:\/\/colegiofemar.cl\/web\/wp-content\/uploads\/2026\/09\/oracion_septiembre_1-768x1024.jpeg 768w, https:\/\/colegiofemar.cl\/web\/wp-content\/uploads\/2026\/09\/oracion_septiembre_1-225x300.jpeg 225w, https:\/\/colegiofemar.cl\/web\/wp-content\/uploads\/2026\/09\/oracion_septiembre_1.jpeg 960w\" sizes=\"(max-width: 768px) 100vw, 768px\" \/><\/figure>\n<\/figure>\n\n\n\n<p>Agradecemos a las familias por su constante compromiso en el fomento de las tradiciones y felicitamos a todas las estudiantes que participaron activamente en esta inauguraci\u00f3n del Mes de la Patria. Que este tiempo sea una oportunidad para renovar la esperanza y compartir con orgullo nuestras ra\u00edces.<\/p>\n","protected":false},"excerpt":{"rendered":"<p>Con fe, alegr\u00eda y profundo sentido de pertenencia, la comunidad educativa del Colegio Femenino Madre del Rosario se reuni\u00f3 este 1\u00b0 de septiembre en el patio central para celebrar la tradicional oraci\u00f3n por la patria, marcando el inicio de un nuevo mes de celebraciones nacionales. La jornada comenz\u00f3 a primera hora con un momento de [&#8230;]\n","protected":false},"author":2,"featured_media":4556,"comment_status":"open","ping_status":"open","sticky":false,"template":"","format":"standard","meta":[],"categories":[12,1,3,5],"tags":[],"_links":{"self":[{"href":"https:\/\/colegiofemar.cl\/web\/wp-json\/wp\/v2\/posts\/4548"}],"collection":[{"href":"https:\/\/colegiofemar.cl\/web\/wp-json\/wp\/v2\/posts"}],"about":[{"href":"https:\/\/colegiofemar.cl\/web\/wp-json\/wp\/v2\/types\/post"}],"author":[{"embeddable":true,"href":"https:\/\/colegiofemar.cl\/web\/wp-json\/wp\/v2\/users\/2"}],"replies":[{"embeddable":true,"href":"https:\/\/colegiofemar.cl\/web\/wp-json\/wp\/v2\/comments?post=4548"}],"version-history":[{"count":2,"href":"https:\/\/colegiofemar.cl\/web\/wp-json\/wp\/v2\/posts\/4548\/revisions"}],"predecessor-version":[{"id":4557,"href":"https:\/\/colegiofemar.cl\/web\/wp-json\/wp\/v2\/posts\/4548\/revisions\/4557"}],"wp:featuredmedia":[{"embeddable":true,"href":"https:\/\/colegiofemar.cl\/web\/wp-json\/wp\/v2\/media\/4556"}],"wp:attachment":[{"href":"https:\/\/colegiofemar.cl\/web\/wp-json\/wp\/v2\/media?parent=4548"}],"wp:term":[{"taxonomy":"category","embeddable":true,"href":"https:\/\/colegiofemar.cl\/web\/wp-json\/wp\/v2\/categories?post=4548"},{"taxonomy":"post_tag","embeddable":true,"href":"https:\/\/colegiofemar.cl\/web\/wp-json\/wp\/v2\/tags?post=4548"}],"curies":[{"name":"wp","href":"https:\/\/api.w.org\/{rel}","templated":true}]}}